{"id":20330,"date":"2015-12-28T09:04:20","date_gmt":"2015-12-28T09:04:20","guid":{"rendered":"http:\/\/www.constantinianorder.net\/?p=20330"},"modified":"2026-01-16T16:16:23","modified_gmt":"2026-01-16T16:16:23","slug":"deuxieme-semaine-de-la-solidarite-un-noel-pour-tous","status":"publish","type":"post","link":"https:\/\/svil.constantinianorder.com\/fr\/deuxieme-semaine-de-la-solidarite-un-noel-pour-tous\/","title":{"rendered":"DEUXI\u00c8ME SEMAINE DE LA SOLIDARIT\u00c9 : \u00ab UN NO\u00cbL POUR TOUS \u00bb"},"content":{"rendered":"<p><strong><a href=\"http:\/\/www.constantinianorder.net\/wp-content\/uploads\/2015\/12\/006.jpg\"><img loading=\"lazy\" decoding=\"async\" class=\"alignleft wp-image-20148\" src=\"http:\/\/www.constantinianorder.net\/wp-content\/uploads\/2015\/12\/006-300x169.jpg\" alt=\"006\" width=\"284\" height=\"160\" \/><\/a><\/strong><\/p>\n<p><strong>Reggio de Calabre, 17 \u2013 28 d\u00e9cembre 2015<\/strong>. La \u00ab\u00a0Tourn\u00e9e\u00a0\u00bb de solidarit\u00e9 de la D\u00e9l\u00e9gation de Calabre se poursuit avec la deuxi\u00e8me tranche d\u2019actions humanitaires, en faveur des familles en difficult\u00e9 de la r\u00e9gion, pr\u00e9vue pour la p\u00e9riode de No\u00ebl. \u00c0 travers le projet \u00ab\u00a0Un No\u00ebl pour tous\u00a0\u00bb, le D\u00e9l\u00e9gu\u00e9 Vicaire et Commandeur de M\u00e9rite avec Plaque, Dr Aurelio Badolati, a voulu interpr\u00e9ter la v\u00e9ritable signification du No\u00ebl de nos jours\u00a0: \u00ab\u00a0celui des \u00e9motions et des bonnes intentions, mais surtout celui de la solidarit\u00e9 envers les plus d\u00e9munis \u00bb. Parce que No\u00ebl est la f\u00eate qui, d\u2019une certaine mani\u00e8re, rassemble les gens, m\u00eame les non-croyants, autour des valeurs laiss\u00e9es de c\u00f4t\u00e9 tout au long du parcours quotidien de l\u2019ann\u00e9e, peut-\u00eatre simplement pour des raisons \u00e9motives. Ces \u00ab\u00a0valeurs\u00a0\u00bb seront donc de nouveau orient\u00e9es vers les Paroisses, les Organismes Pastoraux (Caritas) et les Communaut\u00e9s de personnes \u00e2g\u00e9es et de jeunes qui, apr\u00e8s avoir rep\u00e9r\u00e9 les personnes les plus d\u00e9munies, distribueront les biens de premi\u00e8re n\u00e9cessit\u00e9 (le chargement complet d\u2019un camion de marchandises) offerts \u2013 il est bon de le rappeler \u2013 par Esselunga S.p.A., une des principales cha\u00eenes italiennes du secteur de la grande distribution organis\u00e9e. Le tout, gr\u00e2ce \u00e0 l\u2019appui efficace de notre Grand Pr\u00e9fet, S.E. l\u2019Ambassadeur Augusto Ruffo di Calabria dei Principi di Scilla.<\/p>\n<p>Voici les dates et les structures concern\u00e9es par cette seconde tranche de dons de biens de premi\u00e8re n\u00e9cessit\u00e9\u00a0:<\/p>\n<p>17 d\u00e9cembre \u2013 Sant\u2019Eufemia d\u2019Aspromonte (RC), Paroisse<em> Sant\u2019Eufemia Vergine e Martire\u00a0<\/em>;<\/p>\n<p>19 d\u00e9cembre \u2013 Polistena (RC), Communaut\u00e9<em> Luigi Monti<\/em> ;<\/p>\n<p>19 d\u00e9cembre \u2013 Taurianova (RC), Paroisse<em> San Giuseppe\u00a0<\/em>;<\/p>\n<p>20 d\u00e9cembre \u2013 Castellace (RC), Paroisse <em>Santa Maria Assunta<\/em> ;<\/p>\n<p>27 d\u00e9cembre \u2013 Polistena (RC), Centre Polyvalent<em> Padre Pino Puglisi <\/em>;<\/p>\n<p>28 d\u00e9cembre \u2013 Gioia Tauro (RC), Paroisse<em> Sant\u2019Ippolito Martire<\/em>.<\/p>\n<p><strong>\u00a0<\/strong><\/p>\n<p>&nbsp;<\/p>\n<p><!--more--><\/p>\n<p><a href=\"http:\/\/www.constantinianorder.net\/wp-content\/uploads\/2015\/12\/006.jpg\"><img loading=\"lazy\" decoding=\"async\" class=\"alignnone wp-image-20148\" src=\"http:\/\/www.constantinianorder.net\/wp-content\/uploads\/2015\/12\/006-300x169.jpg\" alt=\"006\" width=\"414\" height=\"233\" \/><\/a><\/p>\n","protected":false},"excerpt":{"rendered":"<p>Reggio de Calabre, 17 \u2013 28 d\u00e9cembre 2015. La \u00ab\u00a0Tourn\u00e9e\u00a0\u00bb de solidarit\u00e9 de la D\u00e9l\u00e9gation de Calabre se poursuit avec la deuxi\u00e8me tranche d\u2019actions humanitaires, en faveur des familles en difficult\u00e9 de la r\u00e9gion, pr\u00e9vue pour la p\u00e9riode de No\u00ebl. \u00c0 travers le projet \u00ab\u00a0Un No\u00ebl pour tous\u00a0\u00bb, le D\u00e9l\u00e9gu\u00e9 Vicaire et Commandeur de M\u00e9rite [&hellip;]<\/p>\n","protected":false},"author":1,"featured_media":0,"comment_status":"closed","ping_status":"open","sticky":false,"template":"","format":"standard","meta":{"footnotes":""},"categories":[160],"tags":[],"class_list":["post-20330","post","type-post","status-publish","format-standard","hentry","category-delegation-de-la-calabre"],"_links":{"self":[{"href":"https:\/\/svil.constantinianorder.com\/fr\/wp-json\/wp\/v2\/posts\/20330","targetHints":{"allow":["GET"]}}],"collection":[{"href":"https:\/\/svil.constantinianorder.com\/fr\/wp-json\/wp\/v2\/posts"}],"about":[{"href":"https:\/\/svil.constantinianorder.com\/fr\/wp-json\/wp\/v2\/types\/post"}],"author":[{"embeddable":true,"href":"https:\/\/svil.constantinianorder.com\/fr\/wp-json\/wp\/v2\/users\/1"}],"replies":[{"embeddable":true,"href":"https:\/\/svil.constantinianorder.com\/fr\/wp-json\/wp\/v2\/comments?post=20330"}],"version-history":[{"count":1,"href":"https:\/\/svil.constantinianorder.com\/fr\/wp-json\/wp\/v2\/posts\/20330\/revisions"}],"predecessor-version":[{"id":61032,"href":"https:\/\/svil.constantinianorder.com\/fr\/wp-json\/wp\/v2\/posts\/20330\/revisions\/61032"}],"wp:attachment":[{"href":"https:\/\/svil.constantinianorder.com\/fr\/wp-json\/wp\/v2\/media?parent=20330"}],"wp:term":[{"taxonomy":"category","embeddable":true,"href":"https:\/\/svil.constantinianorder.com\/fr\/wp-json\/wp\/v2\/categories?post=20330"},{"taxonomy":"post_tag","embeddable":true,"href":"https:\/\/svil.constantinianorder.com\/fr\/wp-json\/wp\/v2\/tags?post=20330"}],"curies":[{"name":"wp","href":"https:\/\/api.w.org\/{rel}","templated":true}]}}