{"id":20338,"date":"2015-12-17T09:59:38","date_gmt":"2015-12-17T09:59:38","guid":{"rendered":"http:\/\/www.constantinianorder.net\/?p=20338"},"modified":"2026-01-16T16:15:45","modified_gmt":"2026-01-16T16:15:45","slug":"reliques-de-saint-jean-paul-ii-a-enna","status":"publish","type":"post","link":"https:\/\/svil.constantinianorder.com\/fr\/reliques-de-saint-jean-paul-ii-a-enna\/","title":{"rendered":"RELIQUES DE SAINT JEAN-PAUL II \u00c0 ENNA"},"content":{"rendered":"<p><strong><a href=\"http:\/\/www.constantinianorder.net\/wp-content\/uploads\/2015\/12\/DSC_0117.jpg\"><img loading=\"lazy\" decoding=\"async\" class=\"alignleft wp-image-20187\" src=\"http:\/\/www.constantinianorder.net\/wp-content\/uploads\/2015\/12\/DSC_0117-300x199.jpg\" alt=\"DSC_0117\" width=\"274\" height=\"182\" \/><\/a><\/strong><\/p>\n<p><strong>Enna, d\u00e9cembre 2015<\/strong>. La c\u00e9r\u00e9monie d\u2019ouverture du Jubil\u00e9 de la Mis\u00e9ricorde (annonc\u00e9 par le Pape Fran\u00e7ois), qui s\u2019est d\u00e9roul\u00e9e au sein de l\u2019\u00e9glise Saint-Marc de la ville d\u2019Enna, a \u00e9t\u00e9 caract\u00e9ris\u00e9e par la pr\u00e9sence des Reliques du Saint Pontife Jean-Paul II.\u00a0La Sainte Messe solennelle a \u00e9t\u00e9 pr\u00e9sid\u00e9e par le R\u00e9v. P\u00e8re Giuseppe Scrivano, cur\u00e9 de la paroisse <em>San Francesco di Paola<\/em> de Catane et Aum\u00f4nier de notre Ordre. Le R\u00e9v. Don Giuseppe Rugolo, Vicaire de l\u2019\u00c9glise M\u00e8re d\u2019Enna, \u00e9tait \u00e9galement pr\u00e9sent.\u00a0La c\u00e9r\u00e9monie religieuse a \u00e9t\u00e9 organis\u00e9e, entre autres, par notre Confr\u00e8re Constantinien et Chevalier de M\u00e9rite Dr Matteo Bertino.\u00a0Don Giuseppe Rugolo a tenu \u00e0 rappeler que franchir la Porte Sainte signifie d\u00e9couvrir la profondeur de la mis\u00e9ricorde de Notre P\u00e8re, qui accueille tout le monde et va \u00e0 la rencontre de chacun personnellement.\u00a0\u00c0 la fin de la C\u00e9l\u00e9bration Eucharistique, le Chevalier Matteo Bertino a remis la m\u00e9daille de bronze du m\u00e9rite de l\u2019Ordre, accord\u00e9e par le Grand Ma\u00eetre, \u00e0 M. Mario Di Prima et \u00e0 M. Davide Frenna.<\/p>\n<p><strong>\u00a0<\/strong><\/p>\n<p>&nbsp;<\/p>\n<p><!--more--><\/p>\n<p><a href=\"http:\/\/www.constantinianorder.net\/wp-content\/uploads\/2015\/12\/DSC_0005.jpg\"><img loading=\"lazy\" decoding=\"async\" class=\"alignnone wp-image-20183\" src=\"http:\/\/www.constantinianorder.net\/wp-content\/uploads\/2015\/12\/DSC_0005-300x199.jpg\" alt=\"DSC_0005\" width=\"429\" height=\"284\" \/><\/a><\/p>\n<p><a href=\"http:\/\/www.constantinianorder.net\/wp-content\/uploads\/2015\/12\/DSC_0021.jpg\"><img loading=\"lazy\" decoding=\"async\" class=\"alignnone wp-image-20184\" src=\"http:\/\/www.constantinianorder.net\/wp-content\/uploads\/2015\/12\/DSC_0021-300x199.jpg\" alt=\"DSC_0021\" width=\"429\" height=\"284\" \/><\/a><\/p>\n<p><a href=\"http:\/\/www.constantinianorder.net\/wp-content\/uploads\/2015\/12\/DSC_0044.jpg\"><img loading=\"lazy\" decoding=\"async\" class=\"alignnone wp-image-20185\" src=\"http:\/\/www.constantinianorder.net\/wp-content\/uploads\/2015\/12\/DSC_0044-300x199.jpg\" alt=\"DSC_0044\" width=\"429\" height=\"284\" \/><\/a><\/p>\n<p><a href=\"http:\/\/www.constantinianorder.net\/wp-content\/uploads\/2015\/12\/DSC_0056.jpg\"><img loading=\"lazy\" decoding=\"async\" class=\"alignnone wp-image-20186\" src=\"http:\/\/www.constantinianorder.net\/wp-content\/uploads\/2015\/12\/DSC_0056-300x199.jpg\" alt=\"DSC_0056\" width=\"428\" height=\"284\" \/><\/a><\/p>\n<p><a href=\"http:\/\/www.constantinianorder.net\/wp-content\/uploads\/2015\/12\/DSC_0117.jpg\"><img loading=\"lazy\" decoding=\"async\" class=\"alignnone wp-image-20187\" src=\"http:\/\/www.constantinianorder.net\/wp-content\/uploads\/2015\/12\/DSC_0117-300x199.jpg\" alt=\"DSC_0117\" width=\"427\" height=\"283\" \/><\/a><\/p>\n","protected":false},"excerpt":{"rendered":"<p>Enna, d\u00e9cembre 2015. La c\u00e9r\u00e9monie d\u2019ouverture du Jubil\u00e9 de la Mis\u00e9ricorde (annonc\u00e9 par le Pape Fran\u00e7ois), qui s\u2019est d\u00e9roul\u00e9e au sein de l\u2019\u00e9glise Saint-Marc de la ville d\u2019Enna, a \u00e9t\u00e9 caract\u00e9ris\u00e9e par la pr\u00e9sence des Reliques du Saint Pontife Jean-Paul II.\u00a0La Sainte Messe solennelle a \u00e9t\u00e9 pr\u00e9sid\u00e9e par le R\u00e9v. P\u00e8re Giuseppe Scrivano, cur\u00e9 de [&hellip;]<\/p>\n","protected":false},"author":1,"featured_media":0,"comment_status":"closed","ping_status":"open","sticky":false,"template":"","format":"standard","meta":{"footnotes":""},"categories":[166],"tags":[],"class_list":["post-20338","post","type-post","status-publish","format-standard","hentry","category-delegation-de-la-sicile"],"_links":{"self":[{"href":"https:\/\/svil.constantinianorder.com\/fr\/wp-json\/wp\/v2\/posts\/20338","targetHints":{"allow":["GET"]}}],"collection":[{"href":"https:\/\/svil.constantinianorder.com\/fr\/wp-json\/wp\/v2\/posts"}],"about":[{"href":"https:\/\/svil.constantinianorder.com\/fr\/wp-json\/wp\/v2\/types\/post"}],"author":[{"embeddable":true,"href":"https:\/\/svil.constantinianorder.com\/fr\/wp-json\/wp\/v2\/users\/1"}],"replies":[{"embeddable":true,"href":"https:\/\/svil.constantinianorder.com\/fr\/wp-json\/wp\/v2\/comments?post=20338"}],"version-history":[{"count":1,"href":"https:\/\/svil.constantinianorder.com\/fr\/wp-json\/wp\/v2\/posts\/20338\/revisions"}],"predecessor-version":[{"id":60950,"href":"https:\/\/svil.constantinianorder.com\/fr\/wp-json\/wp\/v2\/posts\/20338\/revisions\/60950"}],"wp:attachment":[{"href":"https:\/\/svil.constantinianorder.com\/fr\/wp-json\/wp\/v2\/media?parent=20338"}],"wp:term":[{"taxonomy":"category","embeddable":true,"href":"https:\/\/svil.constantinianorder.com\/fr\/wp-json\/wp\/v2\/categories?post=20338"},{"taxonomy":"post_tag","embeddable":true,"href":"https:\/\/svil.constantinianorder.com\/fr\/wp-json\/wp\/v2\/tags?post=20338"}],"curies":[{"name":"wp","href":"https:\/\/api.w.org\/{rel}","templated":true}]}}