{"id":20342,"date":"2015-12-19T10:17:17","date_gmt":"2015-12-19T10:17:17","guid":{"rendered":"http:\/\/www.constantinianorder.net\/?p=20342"},"modified":"2026-01-16T16:15:50","modified_gmt":"2026-01-16T16:15:50","slug":"deuxieme-semaine-de-la-solidarite-un-noel-pour-tous-3","status":"publish","type":"post","link":"https:\/\/svil.constantinianorder.com\/fr\/deuxieme-semaine-de-la-solidarite-un-noel-pour-tous-3\/","title":{"rendered":"DEUXI\u00c8ME SEMAINE DE LA SOLIDARIT\u00c9 : \u00ab UN NO\u00cbL POUR TOUS \u00bb"},"content":{"rendered":"<p><strong><a href=\"http:\/\/www.constantinianorder.net\/wp-content\/uploads\/2015\/12\/imm43.png\"><img loading=\"lazy\" decoding=\"async\" class=\"alignleft wp-image-20197\" src=\"http:\/\/www.constantinianorder.net\/wp-content\/uploads\/2015\/12\/imm43-300x199.png\" alt=\"imm4\" width=\"273\" height=\"181\" \/><\/a><\/strong><\/p>\n<p><strong>Taurianova, 19 d\u00e9cembre 2015<\/strong>. Deuxi\u00e8me rendez-vous du projet de solidarit\u00e9 <strong>\u00ab\u00a0Un No\u00ebl pour tous\u00a0\u00bb<\/strong>, organis\u00e9 par la D\u00e9l\u00e9gation de Calabre en faveur des personnes indigentes qui vivent dans la r\u00e9gion la plus pauvre d\u2019Italie (selon l\u2019ISTAT). Les biens de premi\u00e8re n\u00e9cessit\u00e9 ont \u00e9t\u00e9 livr\u00e9s gr\u00e2ce \u00e0 la g\u00e9n\u00e9reuse collaboration d\u2019Esselunga S.p.A., une des principales cha\u00eenes italiennes du secteur de la grande distribution organis\u00e9e. \u00c0 cette occasion, la ville de Taurianova en a b\u00e9n\u00e9fici\u00e9, et plus particuli\u00e8rement la Paroisse de <em>San Giuseppe<\/em>, tenue par Don Cosimo Saverio Furfaro. Lors de la Sainte Messe, le cur\u00e9 a remerci\u00e9 plusieurs fois la D\u00e9l\u00e9gation pour ce grand geste de solidarit\u00e9 \u00e0 l\u2019\u00e9gard des plus d\u00e9munis de Sa paroisse et pour le t\u00e9moignage de foi concret apport\u00e9 \u00e0 ces familles. \u00c9taient pr\u00e9sents \u00e0 la c\u00e9r\u00e9monie, outre le D\u00e9l\u00e9gu\u00e9 Vicaire, les Chevaliers de M\u00e9rite Rocco Gatto, Pasqualino Guerrisi et Rocco Prestipino\u00a0; les Bienfaiteurs de la D\u00e9l\u00e9gation ont \u00e9t\u00e9 repr\u00e9sent\u00e9s, quant \u00e0 eux, par Rocco Speranza.<\/p>\n<p>&nbsp;<\/p>\n<p><strong>\u00a0<\/strong><\/p>\n<p>&nbsp;<\/p>\n<p><!--more--><\/p>\n<p><a href=\"http:\/\/www.constantinianorder.net\/wp-content\/uploads\/2015\/12\/imm13.png\"><img loading=\"lazy\" decoding=\"async\" class=\"alignnone wp-image-20194\" src=\"http:\/\/www.constantinianorder.net\/wp-content\/uploads\/2015\/12\/imm13-300x199.png\" alt=\"imm1\" width=\"421\" height=\"279\" \/><\/a><\/p>\n<p><a href=\"http:\/\/www.constantinianorder.net\/wp-content\/uploads\/2015\/12\/imm23.png\"><img loading=\"lazy\" decoding=\"async\" class=\"alignnone wp-image-20195\" src=\"http:\/\/www.constantinianorder.net\/wp-content\/uploads\/2015\/12\/imm23-300x199.png\" alt=\"imm2\" width=\"421\" height=\"279\" \/><\/a><\/p>\n<p><a href=\"http:\/\/www.constantinianorder.net\/wp-content\/uploads\/2015\/12\/imm33.png\"><img loading=\"lazy\" decoding=\"async\" class=\"alignnone wp-image-20196\" src=\"http:\/\/www.constantinianorder.net\/wp-content\/uploads\/2015\/12\/imm33-300x199.png\" alt=\"imm3\" width=\"421\" height=\"279\" \/><\/a><\/p>\n<p><a href=\"http:\/\/www.constantinianorder.net\/wp-content\/uploads\/2015\/12\/imm43.png\"><img loading=\"lazy\" decoding=\"async\" class=\"alignnone wp-image-20197\" src=\"http:\/\/www.constantinianorder.net\/wp-content\/uploads\/2015\/12\/imm43-300x199.png\" alt=\"imm4\" width=\"419\" height=\"278\" \/><\/a><\/p>\n","protected":false},"excerpt":{"rendered":"<p>Taurianova, 19 d\u00e9cembre 2015. Deuxi\u00e8me rendez-vous du projet de solidarit\u00e9 \u00ab\u00a0Un No\u00ebl pour tous\u00a0\u00bb, organis\u00e9 par la D\u00e9l\u00e9gation de Calabre en faveur des personnes indigentes qui vivent dans la r\u00e9gion la plus pauvre d\u2019Italie (selon l\u2019ISTAT). Les biens de premi\u00e8re n\u00e9cessit\u00e9 ont \u00e9t\u00e9 livr\u00e9s gr\u00e2ce \u00e0 la g\u00e9n\u00e9reuse collaboration d\u2019Esselunga S.p.A., une des principales cha\u00eenes [&hellip;]<\/p>\n","protected":false},"author":1,"featured_media":0,"comment_status":"closed","ping_status":"open","sticky":false,"template":"","format":"standard","meta":{"footnotes":""},"categories":[160],"tags":[],"class_list":["post-20342","post","type-post","status-publish","format-standard","hentry","category-delegation-de-la-calabre"],"_links":{"self":[{"href":"https:\/\/svil.constantinianorder.com\/fr\/wp-json\/wp\/v2\/posts\/20342","targetHints":{"allow":["GET"]}}],"collection":[{"href":"https:\/\/svil.constantinianorder.com\/fr\/wp-json\/wp\/v2\/posts"}],"about":[{"href":"https:\/\/svil.constantinianorder.com\/fr\/wp-json\/wp\/v2\/types\/post"}],"author":[{"embeddable":true,"href":"https:\/\/svil.constantinianorder.com\/fr\/wp-json\/wp\/v2\/users\/1"}],"replies":[{"embeddable":true,"href":"https:\/\/svil.constantinianorder.com\/fr\/wp-json\/wp\/v2\/comments?post=20342"}],"version-history":[{"count":1,"href":"https:\/\/svil.constantinianorder.com\/fr\/wp-json\/wp\/v2\/posts\/20342\/revisions"}],"predecessor-version":[{"id":60963,"href":"https:\/\/svil.constantinianorder.com\/fr\/wp-json\/wp\/v2\/posts\/20342\/revisions\/60963"}],"wp:attachment":[{"href":"https:\/\/svil.constantinianorder.com\/fr\/wp-json\/wp\/v2\/media?parent=20342"}],"wp:term":[{"taxonomy":"category","embeddable":true,"href":"https:\/\/svil.constantinianorder.com\/fr\/wp-json\/wp\/v2\/categories?post=20342"},{"taxonomy":"post_tag","embeddable":true,"href":"https:\/\/svil.constantinianorder.com\/fr\/wp-json\/wp\/v2\/tags?post=20342"}],"curies":[{"name":"wp","href":"https:\/\/api.w.org\/{rel}","templated":true}]}}