{"id":20409,"date":"2015-12-12T18:03:59","date_gmt":"2015-12-12T18:03:59","guid":{"rendered":"http:\/\/www.constantinianorder.net\/?p=20409"},"modified":"2026-01-16T16:15:37","modified_gmt":"2026-01-16T16:15:37","slug":"la-delegation-de-sicile-invitee-a-louverture-des-portes-saintes","status":"publish","type":"post","link":"https:\/\/svil.constantinianorder.com\/fr\/la-delegation-de-sicile-invitee-a-louverture-des-portes-saintes\/","title":{"rendered":"LA D\u00c9L\u00c9GATION DE SICILE INVIT\u00c9E \u00c0 L\u2019OUVERTURE DES PORTES SAINTES"},"content":{"rendered":"<p><strong><a href=\"http:\/\/www.constantinianorder.net\/wp-content\/uploads\/2015\/12\/apertura-Porta-Santa-Monreale-6.jpg\"><img loading=\"lazy\" decoding=\"async\" class=\"alignleft wp-image-20246\" src=\"http:\/\/www.constantinianorder.net\/wp-content\/uploads\/2015\/12\/apertura-Porta-Santa-Monreale-6-300x200.jpg\" alt=\"apertura Porta Santa Monreale (6)\" width=\"264\" height=\"176\" \/><\/a><\/strong><\/p>\n<p><strong>Sicile, d\u00e9cembre 2015<\/strong>. Le 12 d\u00e9cembre, S.E. R\u00e9v\u00e9rendissime Monseigneur Michele Pennisi, Archev\u00eaque de Monreale, a ouvert la Porte Sainte de la Cath\u00e9drale de Monreale.\u00a0Le 13 d\u00e9cembre, le jour de la f\u00eate de Sainte-Lucie, Son Excellence R\u00e9v\u00e9rendissime Monseigneur Giorgio Demetrio Gallaro a ouvert la Porte Sainte de la Cath\u00e9drale de Piana degli Albanesi\u00a0; au m\u00eame moment, Son Excellence R\u00e9v\u00e9rendissime Monseigneur Rosario Gisana ouvrait la Porte Sainte de la Cath\u00e9drale de Piazza Armerina.\u00a0Le 19 d\u00e9cembre, Son Excellence R\u00e9v\u00e9rendissime Monseigneur Ignazio Zambito, \u00c9v\u00eaque de Patti, a ouvert la Porte Sainte du Sanctuaire de la <em>Madonna di Tindari<\/em>.\u00a0\u00c9taient pr\u00e9sentes \u00e0 chacune de ces c\u00e9r\u00e9monies plusieurs d\u00e9l\u00e9gations de Dames et de Chevaliers qui, dans l\u2019esprit du message du Pape Fran\u00e7ois, que tous les pr\u00e9lats ont cit\u00e9 lors de leurs interventions, essaieront en cette Ann\u00e9e Sainte de t\u00e9moigner davantage de l\u2019importance d\u2019\u00eatre pr\u00e9sents au sein d\u2019un Ordre qui, au quotidien, cherche \u00e0 \u00e9voluer selon les d\u00e9sirs mis\u00e9ricordieux du Seigneur.<\/p>\n<p>&nbsp;<\/p>\n<p>&nbsp;<\/p>\n<p><!--more--><\/p>\n<p><a href=\"http:\/\/www.constantinianorder.net\/wp-content\/uploads\/2015\/12\/apertura-Porta-Santa-Monreale-6.jpg\"><img loading=\"lazy\" decoding=\"async\" class=\"alignnone wp-image-20246\" src=\"http:\/\/www.constantinianorder.net\/wp-content\/uploads\/2015\/12\/apertura-Porta-Santa-Monreale-6-300x200.jpg\" alt=\"apertura Porta Santa Monreale (6)\" width=\"401\" height=\"267\" \/><\/a><\/p>\n<p><a href=\"http:\/\/www.constantinianorder.net\/wp-content\/uploads\/2015\/12\/apertura-Porta-Santa-Monreale-9.jpg\"><img loading=\"lazy\" decoding=\"async\" class=\"alignnone wp-image-20247\" src=\"http:\/\/www.constantinianorder.net\/wp-content\/uploads\/2015\/12\/apertura-Porta-Santa-Monreale-9-300x200.jpg\" alt=\"apertura Porta Santa Monreale (9)\" width=\"401\" height=\"267\" \/><\/a><\/p>\n<p><a href=\"http:\/\/www.constantinianorder.net\/wp-content\/uploads\/2015\/12\/foto1..Piazza-Armerina.jpg\"><img loading=\"lazy\" decoding=\"async\" class=\"alignnone wp-image-20248\" src=\"http:\/\/www.constantinianorder.net\/wp-content\/uploads\/2015\/12\/foto1..Piazza-Armerina-300x200.jpg\" alt=\"foto1..Piazza Armerina\" width=\"401\" height=\"267\" \/><\/a><\/p>\n<p><a href=\"http:\/\/www.constantinianorder.net\/wp-content\/uploads\/2015\/12\/Porta-Santa-Piana-degli-Albanesi-04.jpg\"><img loading=\"lazy\" decoding=\"async\" class=\"alignnone wp-image-20249\" src=\"http:\/\/www.constantinianorder.net\/wp-content\/uploads\/2015\/12\/Porta-Santa-Piana-degli-Albanesi-04-300x225.jpg\" alt=\"Porta Santa Piana degli Albanesi 04\" width=\"399\" height=\"299\" \/><\/a><\/p>\n<p><a href=\"http:\/\/www.constantinianorder.net\/wp-content\/uploads\/2015\/12\/Porta-Santa-Monreale-e-Piana-degli-Albanesi-07.jpg\"><img loading=\"lazy\" decoding=\"async\" class=\"alignnone wp-image-20250\" src=\"http:\/\/www.constantinianorder.net\/wp-content\/uploads\/2015\/12\/Porta-Santa-Monreale-e-Piana-degli-Albanesi-07-300x225.jpg\" alt=\"Porta Santa Monreale e Piana degli Albanesi 07\" width=\"395\" height=\"296\" \/><\/a><\/p>\n<p><a href=\"http:\/\/www.constantinianorder.net\/wp-content\/uploads\/2015\/12\/Tindari-19-12-15-016.jpg\"><img loading=\"lazy\" decoding=\"async\" class=\"alignnone wp-image-20251\" src=\"http:\/\/www.constantinianorder.net\/wp-content\/uploads\/2015\/12\/Tindari-19-12-15-016-300x200.jpg\" alt=\"Tindari 19-12-15 016\" width=\"392\" height=\"261\" \/><\/a><\/p>\n<p><a href=\"http:\/\/www.constantinianorder.net\/wp-content\/uploads\/2015\/12\/Tindari-19-12-15-062.jpg\"><img loading=\"lazy\" decoding=\"async\" class=\"alignnone wp-image-20252\" src=\"http:\/\/www.constantinianorder.net\/wp-content\/uploads\/2015\/12\/Tindari-19-12-15-062-200x300.jpg\" alt=\"Tindari 19-12-15 062\" width=\"299\" height=\"449\" \/><\/a><\/p>\n","protected":false},"excerpt":{"rendered":"<p>Sicile, d\u00e9cembre 2015. Le 12 d\u00e9cembre, S.E. R\u00e9v\u00e9rendissime Monseigneur Michele Pennisi, Archev\u00eaque de Monreale, a ouvert la Porte Sainte de la Cath\u00e9drale de Monreale.\u00a0Le 13 d\u00e9cembre, le jour de la f\u00eate de Sainte-Lucie, Son Excellence R\u00e9v\u00e9rendissime Monseigneur Giorgio Demetrio Gallaro a ouvert la Porte Sainte de la Cath\u00e9drale de Piana degli Albanesi\u00a0; au m\u00eame moment, [&hellip;]<\/p>\n","protected":false},"author":1,"featured_media":0,"comment_status":"closed","ping_status":"open","sticky":false,"template":"","format":"standard","meta":{"footnotes":""},"categories":[166],"tags":[],"class_list":["post-20409","post","type-post","status-publish","format-standard","hentry","category-delegation-de-la-sicile"],"_links":{"self":[{"href":"https:\/\/svil.constantinianorder.com\/fr\/wp-json\/wp\/v2\/posts\/20409","targetHints":{"allow":["GET"]}}],"collection":[{"href":"https:\/\/svil.constantinianorder.com\/fr\/wp-json\/wp\/v2\/posts"}],"about":[{"href":"https:\/\/svil.constantinianorder.com\/fr\/wp-json\/wp\/v2\/types\/post"}],"author":[{"embeddable":true,"href":"https:\/\/svil.constantinianorder.com\/fr\/wp-json\/wp\/v2\/users\/1"}],"replies":[{"embeddable":true,"href":"https:\/\/svil.constantinianorder.com\/fr\/wp-json\/wp\/v2\/comments?post=20409"}],"version-history":[{"count":1,"href":"https:\/\/svil.constantinianorder.com\/fr\/wp-json\/wp\/v2\/posts\/20409\/revisions"}],"predecessor-version":[{"id":60926,"href":"https:\/\/svil.constantinianorder.com\/fr\/wp-json\/wp\/v2\/posts\/20409\/revisions\/60926"}],"wp:attachment":[{"href":"https:\/\/svil.constantinianorder.com\/fr\/wp-json\/wp\/v2\/media?parent=20409"}],"wp:term":[{"taxonomy":"category","embeddable":true,"href":"https:\/\/svil.constantinianorder.com\/fr\/wp-json\/wp\/v2\/categories?post=20409"},{"taxonomy":"post_tag","embeddable":true,"href":"https:\/\/svil.constantinianorder.com\/fr\/wp-json\/wp\/v2\/tags?post=20409"}],"curies":[{"name":"wp","href":"https:\/\/api.w.org\/{rel}","templated":true}]}}