{"id":20411,"date":"2015-12-20T10:29:54","date_gmt":"2015-12-20T10:29:54","guid":{"rendered":"http:\/\/www.constantinianorder.net\/?p=20411"},"modified":"2026-01-16T16:15:59","modified_gmt":"2026-01-16T16:15:59","slug":"deuxieme-semaine-de-la-solidarite-un-noel-pour-tous-4","status":"publish","type":"post","link":"https:\/\/svil.constantinianorder.com\/fr\/deuxieme-semaine-de-la-solidarite-un-noel-pour-tous-4\/","title":{"rendered":"DEUXI\u00c8ME SEMAINE DE LA SOLIDARIT\u00c9 : \u00abUN NO\u00cbL POUR TOUS \u00bb"},"content":{"rendered":"<p><strong><a href=\"http:\/\/www.constantinianorder.net\/wp-content\/uploads\/2016\/01\/4.png\"><img loading=\"lazy\" decoding=\"async\" class=\"alignleft wp-image-20262\" src=\"http:\/\/www.constantinianorder.net\/wp-content\/uploads\/2016\/01\/4-300x199.png\" alt=\"4\" width=\"279\" height=\"185\" \/><\/a><\/strong><\/p>\n<p><strong>Castellace, 20 d\u00e9cembre 2015<\/strong>. La \u00ab\u00a0Tourn\u00e9e\u00a0\u00bb de solidarit\u00e9 de la D\u00e9l\u00e9gation de Calabre en faveur des personnes indigentes de la R\u00e9gion se poursuit. Cette deuxi\u00e8me tranche d\u2019actions humanitaires (les biens ont \u00e9t\u00e9 offerts par la c\u00e9l\u00e8bre cha\u00eene Esselunga S.p.A.) a \u00e9t\u00e9 pr\u00e9vue dans le cadre du projet \u00ab\u00a0Un No\u00ebl pour tous\u00a0\u00bb, organis\u00e9 pour la p\u00e9riode de No\u00ebl par le D\u00e9l\u00e9gu\u00e9 Vicaire de Calabre. Ce troisi\u00e8me rendez-vous du mois de d\u00e9cembre concernait cette fois-ci la petite communaut\u00e9 de Castellace (RC) et, en particulier, la Paroisse<em> Santa Maria Assunta<\/em>, tenue par Don Giovanni Madafferi, \u00e0 laquelle des biens de premi\u00e8re n\u00e9cessit\u00e9 ont \u00e9t\u00e9 offerts. Lors de la Sainte Messe qui s\u2019est d\u00e9roul\u00e9e dans l\u2019\u00c9glise du m\u00eame nom, le cur\u00e9 a plusieurs fois remerci\u00e9 l\u2019Ordre Constantinien pour le grand geste de solidarit\u00e9 dont il a fait preuve \u00e0 l\u2019\u00e9gard des n\u00e9cessiteux de sa paroisse.<\/p>\n<p><strong>\u00a0<\/strong><\/p>\n<p>&nbsp;<\/p>\n<p><!--more--><\/p>\n<p><a href=\"http:\/\/www.constantinianorder.net\/wp-content\/uploads\/2016\/01\/1.png\"><img loading=\"lazy\" decoding=\"async\" class=\"alignnone wp-image-20259\" src=\"http:\/\/www.constantinianorder.net\/wp-content\/uploads\/2016\/01\/1-300x199.png\" alt=\"1\" width=\"406\" height=\"269\" \/><\/a><\/p>\n<p><a href=\"http:\/\/www.constantinianorder.net\/wp-content\/uploads\/2016\/01\/2.png\"><img loading=\"lazy\" decoding=\"async\" class=\"alignnone wp-image-20260\" src=\"http:\/\/www.constantinianorder.net\/wp-content\/uploads\/2016\/01\/2-300x199.png\" alt=\"2\" width=\"406\" height=\"269\" \/><\/a><\/p>\n<p><a href=\"http:\/\/www.constantinianorder.net\/wp-content\/uploads\/2016\/01\/3.png\"><img loading=\"lazy\" decoding=\"async\" class=\"alignnone wp-image-20261\" src=\"http:\/\/www.constantinianorder.net\/wp-content\/uploads\/2016\/01\/3-300x199.png\" alt=\"3\" width=\"406\" height=\"269\" \/><\/a><\/p>\n<p><a href=\"http:\/\/www.constantinianorder.net\/wp-content\/uploads\/2016\/01\/4.png\"><img loading=\"lazy\" decoding=\"async\" class=\"alignnone wp-image-20262\" src=\"http:\/\/www.constantinianorder.net\/wp-content\/uploads\/2016\/01\/4-300x199.png\" alt=\"4\" width=\"403\" height=\"267\" \/><\/a><\/p>\n","protected":false},"excerpt":{"rendered":"<p>Castellace, 20 d\u00e9cembre 2015. La \u00ab\u00a0Tourn\u00e9e\u00a0\u00bb de solidarit\u00e9 de la D\u00e9l\u00e9gation de Calabre en faveur des personnes indigentes de la R\u00e9gion se poursuit. Cette deuxi\u00e8me tranche d\u2019actions humanitaires (les biens ont \u00e9t\u00e9 offerts par la c\u00e9l\u00e8bre cha\u00eene Esselunga S.p.A.) a \u00e9t\u00e9 pr\u00e9vue dans le cadre du projet \u00ab\u00a0Un No\u00ebl pour tous\u00a0\u00bb, organis\u00e9 pour la p\u00e9riode [&hellip;]<\/p>\n","protected":false},"author":1,"featured_media":0,"comment_status":"closed","ping_status":"open","sticky":false,"template":"","format":"standard","meta":{"footnotes":""},"categories":[160],"tags":[],"class_list":["post-20411","post","type-post","status-publish","format-standard","hentry","category-delegation-de-la-calabre"],"_links":{"self":[{"href":"https:\/\/svil.constantinianorder.com\/fr\/wp-json\/wp\/v2\/posts\/20411","targetHints":{"allow":["GET"]}}],"collection":[{"href":"https:\/\/svil.constantinianorder.com\/fr\/wp-json\/wp\/v2\/posts"}],"about":[{"href":"https:\/\/svil.constantinianorder.com\/fr\/wp-json\/wp\/v2\/types\/post"}],"author":[{"embeddable":true,"href":"https:\/\/svil.constantinianorder.com\/fr\/wp-json\/wp\/v2\/users\/1"}],"replies":[{"embeddable":true,"href":"https:\/\/svil.constantinianorder.com\/fr\/wp-json\/wp\/v2\/comments?post=20411"}],"version-history":[{"count":1,"href":"https:\/\/svil.constantinianorder.com\/fr\/wp-json\/wp\/v2\/posts\/20411\/revisions"}],"predecessor-version":[{"id":60982,"href":"https:\/\/svil.constantinianorder.com\/fr\/wp-json\/wp\/v2\/posts\/20411\/revisions\/60982"}],"wp:attachment":[{"href":"https:\/\/svil.constantinianorder.com\/fr\/wp-json\/wp\/v2\/media?parent=20411"}],"wp:term":[{"taxonomy":"category","embeddable":true,"href":"https:\/\/svil.constantinianorder.com\/fr\/wp-json\/wp\/v2\/categories?post=20411"},{"taxonomy":"post_tag","embeddable":true,"href":"https:\/\/svil.constantinianorder.com\/fr\/wp-json\/wp\/v2\/tags?post=20411"}],"curies":[{"name":"wp","href":"https:\/\/api.w.org\/{rel}","templated":true}]}}