{"id":20413,"date":"2015-12-20T17:21:20","date_gmt":"2015-12-20T17:21:20","guid":{"rendered":"http:\/\/www.constantinianorder.net\/?p=20413"},"modified":"2026-01-16T16:15:58","modified_gmt":"2026-01-16T16:15:58","slug":"ouverture-de-la-porte-sainte-de-la-cathedrale-de-san-leo","status":"publish","type":"post","link":"https:\/\/svil.constantinianorder.com\/fr\/ouverture-de-la-porte-sainte-de-la-cathedrale-de-san-leo\/","title":{"rendered":"OUVERTURE DE LA PORTE SAINTE DE LA CATH\u00c9DRALE DE SAN LEO"},"content":{"rendered":"<p><strong><a href=\"http:\/\/www.constantinianorder.net\/wp-content\/uploads\/2015\/12\/imm34.png\"><img loading=\"lazy\" decoding=\"async\" class=\"alignleft wp-image-20238\" src=\"http:\/\/www.constantinianorder.net\/wp-content\/uploads\/2015\/12\/imm34-225x300.png\" alt=\"imm3\" width=\"205\" height=\"274\" \/><\/a><\/strong><\/p>\n<p><strong>San Leo, 20 d\u00e9cembre 2015<\/strong>. Lors d\u2019une c\u00e9r\u00e9monie solennelle, S.E.R. Monseigneur Andrea Turazzi, \u00c9v\u00eaque de San Marino-Montefeltro a ouvert la Porte Sainte de la Cath\u00e9drale de San Leo, marquant ainsi le d\u00e9but de l\u2019Ann\u00e9e Sainte du \u00abJubil\u00e9 de la Mis\u00e9ricorde\u00bb annonc\u00e9 par Sa Saintet\u00e9 le Pape Fran\u00e7ois. \u00c9taient pr\u00e9sents \u00e0 la c\u00e9r\u00e9monie les repr\u00e9sentants de l\u2019Ordre Sacr\u00e9 et Militaire Constantinien de Saint-Georges, la D\u00e9l\u00e9gation de la S\u00e9r\u00e9nissime R\u00e9publique de Saint-Marin accompagn\u00e9e du Noble Dr Claudio Marciano di Scala, de nombreux b\u00e9n\u00e9voles et amis de l\u2019Ordre ainsi que les plus hautes autorit\u00e9s civiles et militaires de la ville.\u00a0Au cours de la journ\u00e9e du jeudi 17, la D\u00e9l\u00e9gation de la S\u00e9r\u00e9nissime R\u00e9publique de Saint-Marin a fait don \u00e0 la Caritas du Dioc\u00e8se, gr\u00e2ce au travail des b\u00e9n\u00e9voles et, en particulier, \u00e0 l\u2019importante contribution du Chevalier Christian Angiolini, de plus de sept cents kilogrammes de denr\u00e9es alimentaires en faveur des familles indigentes du territoire.<\/p>\n<p><strong>\u00a0<\/strong><\/p>\n<p>&nbsp;<\/p>\n<p><!--more--><\/p>\n<p><a href=\"http:\/\/www.constantinianorder.net\/wp-content\/uploads\/2015\/12\/imm14.png\"><img loading=\"lazy\" decoding=\"async\" class=\"alignnone wp-image-20236\" src=\"http:\/\/www.constantinianorder.net\/wp-content\/uploads\/2015\/12\/imm14-300x276.png\" alt=\"imm1\" width=\"404\" height=\"372\" \/><\/a><\/p>\n<p><a href=\"http:\/\/www.constantinianorder.net\/wp-content\/uploads\/2015\/12\/imm24.png\"><img loading=\"lazy\" decoding=\"async\" class=\"alignnone wp-image-20237\" src=\"http:\/\/www.constantinianorder.net\/wp-content\/uploads\/2015\/12\/imm24-300x282.png\" alt=\"imm2\" width=\"402\" height=\"378\" \/><\/a><\/p>\n<p><a href=\"http:\/\/www.constantinianorder.net\/wp-content\/uploads\/2015\/12\/imm34.png\"><img loading=\"lazy\" decoding=\"async\" class=\"alignnone wp-image-20238\" src=\"http:\/\/www.constantinianorder.net\/wp-content\/uploads\/2015\/12\/imm34-225x300.png\" alt=\"imm3\" width=\"320\" height=\"427\" \/><\/a><\/p>\n<p><a href=\"http:\/\/www.constantinianorder.net\/wp-content\/uploads\/2015\/12\/imm44.png\"><img loading=\"lazy\" decoding=\"async\" class=\"alignnone wp-image-20239\" src=\"http:\/\/www.constantinianorder.net\/wp-content\/uploads\/2015\/12\/imm44-169x300.png\" alt=\"imm4\" width=\"318\" height=\"564\" \/><\/a><\/p>\n<p><a href=\"http:\/\/www.constantinianorder.net\/wp-content\/uploads\/2015\/12\/imm52.png\"><img loading=\"lazy\" decoding=\"async\" class=\"alignnone wp-image-20240\" src=\"http:\/\/www.constantinianorder.net\/wp-content\/uploads\/2015\/12\/imm52-169x300.png\" alt=\"imm5\" width=\"317\" height=\"563\" \/><\/a><\/p>\n<p><a href=\"http:\/\/www.constantinianorder.net\/wp-content\/uploads\/2015\/12\/imm62.png\"><img loading=\"lazy\" decoding=\"async\" class=\"alignnone wp-image-20241\" src=\"http:\/\/www.constantinianorder.net\/wp-content\/uploads\/2015\/12\/imm62-169x300.png\" alt=\"imm6\" width=\"318\" height=\"564\" \/><\/a><\/p>\n<p><a href=\"http:\/\/www.constantinianorder.net\/wp-content\/uploads\/2015\/12\/imm7.png\"><img loading=\"lazy\" decoding=\"async\" class=\"alignnone wp-image-20242\" src=\"http:\/\/www.constantinianorder.net\/wp-content\/uploads\/2015\/12\/imm7-225x300.png\" alt=\"imm7\" width=\"328\" height=\"438\" \/><\/a><\/p>\n<p><a href=\"http:\/\/www.constantinianorder.net\/wp-content\/uploads\/2015\/12\/31.jpg\"><img loading=\"lazy\" decoding=\"async\" class=\"alignnone wp-image-20234\" src=\"http:\/\/www.constantinianorder.net\/wp-content\/uploads\/2015\/12\/31-225x300.jpg\" alt=\"31\" width=\"323\" height=\"431\" \/><\/a><\/p>\n<p><a href=\"http:\/\/www.constantinianorder.net\/wp-content\/uploads\/2015\/12\/34.jpg\"><img loading=\"lazy\" decoding=\"async\" class=\"alignnone wp-image-20235\" src=\"http:\/\/www.constantinianorder.net\/wp-content\/uploads\/2015\/12\/34-225x300.jpg\" alt=\"34\" width=\"322\" height=\"429\" \/><\/a><\/p>\n","protected":false},"excerpt":{"rendered":"<p>San Leo, 20 d\u00e9cembre 2015. Lors d\u2019une c\u00e9r\u00e9monie solennelle, S.E.R. Monseigneur Andrea Turazzi, \u00c9v\u00eaque de San Marino-Montefeltro a ouvert la Porte Sainte de la Cath\u00e9drale de San Leo, marquant ainsi le d\u00e9but de l\u2019Ann\u00e9e Sainte du \u00abJubil\u00e9 de la Mis\u00e9ricorde\u00bb annonc\u00e9 par Sa Saintet\u00e9 le Pape Fran\u00e7ois. \u00c9taient pr\u00e9sents \u00e0 la c\u00e9r\u00e9monie les repr\u00e9sentants de [&hellip;]<\/p>\n","protected":false},"author":1,"featured_media":0,"comment_status":"closed","ping_status":"open","sticky":false,"template":"","format":"standard","meta":{"footnotes":""},"categories":[292],"tags":[],"class_list":["post-20413","post","type-post","status-publish","format-standard","hentry","category-delegation-de-saint-marin"],"_links":{"self":[{"href":"https:\/\/svil.constantinianorder.com\/fr\/wp-json\/wp\/v2\/posts\/20413","targetHints":{"allow":["GET"]}}],"collection":[{"href":"https:\/\/svil.constantinianorder.com\/fr\/wp-json\/wp\/v2\/posts"}],"about":[{"href":"https:\/\/svil.constantinianorder.com\/fr\/wp-json\/wp\/v2\/types\/post"}],"author":[{"embeddable":true,"href":"https:\/\/svil.constantinianorder.com\/fr\/wp-json\/wp\/v2\/users\/1"}],"replies":[{"embeddable":true,"href":"https:\/\/svil.constantinianorder.com\/fr\/wp-json\/wp\/v2\/comments?post=20413"}],"version-history":[{"count":1,"href":"https:\/\/svil.constantinianorder.com\/fr\/wp-json\/wp\/v2\/posts\/20413\/revisions"}],"predecessor-version":[{"id":60978,"href":"https:\/\/svil.constantinianorder.com\/fr\/wp-json\/wp\/v2\/posts\/20413\/revisions\/60978"}],"wp:attachment":[{"href":"https:\/\/svil.constantinianorder.com\/fr\/wp-json\/wp\/v2\/media?parent=20413"}],"wp:term":[{"taxonomy":"category","embeddable":true,"href":"https:\/\/svil.constantinianorder.com\/fr\/wp-json\/wp\/v2\/categories?post=20413"},{"taxonomy":"post_tag","embeddable":true,"href":"https:\/\/svil.constantinianorder.com\/fr\/wp-json\/wp\/v2\/tags?post=20413"}],"curies":[{"name":"wp","href":"https:\/\/api.w.org\/{rel}","templated":true}]}}