{"id":20419,"date":"2015-12-22T11:14:06","date_gmt":"2015-12-22T11:14:06","guid":{"rendered":"http:\/\/www.constantinianorder.net\/?p=20419"},"modified":"2026-01-16T16:16:10","modified_gmt":"2026-01-16T16:16:10","slug":"repas-de-noel-de-bienfaisance-a-monreale","status":"publish","type":"post","link":"https:\/\/svil.constantinianorder.com\/fr\/repas-de-noel-de-bienfaisance-a-monreale\/","title":{"rendered":"REPAS DE NO\u00cbL DE BIENFAISANCE \u00c0 MONREALE"},"content":{"rendered":"<p><strong><a href=\"http:\/\/www.constantinianorder.net\/wp-content\/uploads\/2016\/01\/8.jpg\"><img loading=\"lazy\" decoding=\"async\" class=\"alignleft wp-image-20277\" src=\"http:\/\/www.constantinianorder.net\/wp-content\/uploads\/2016\/01\/8-300x286.jpg\" alt=\"8\" width=\"243\" height=\"232\" \/><\/a><\/strong><\/p>\n<p><strong>Monreale, 22 d\u00e9cembre 2015<\/strong>. La D\u00e9l\u00e9gation de Sicile de l\u2019Ordre Sacr\u00e9 et Militaire Constantinien de Saint-Georges a organis\u00e9, \u00e0 l\u2019Hospice Balsamo de Monreale, un repas de No\u00ebl en faveur des personnes \u00e2g\u00e9es accueillies par la structure. Les chevaliers Carmelo Sammarco et Vincenzo Nuccio, accompagn\u00e9s du D\u00e9l\u00e9gu\u00e9 Vicaire Antonio di Janni, ont servi les repas avec leur Prieur S.E. R\u00e9v\u00e9rendissime Monseigneur Michele Pennisi, Archev\u00eaque de Monreale. L\u2019Archev\u00eaque a remerci\u00e9 l\u2019Ordre Constantinien d\u2019avoir choisi l\u2019hospice et a \u00e9galement rappel\u00e9 que S.A.R. la Princesse B\u00e9atrice de Bourbon des Deux-Siciles et le Prince Augusto Ruffo di Calabria ont particip\u00e9 \u00e0 un repas organis\u00e9 \u00e0 l\u2019hospice au mois d\u2019octobre, en servant les personnes \u00e2g\u00e9es pensionnaires de l\u2019\u00e9tablissement. \u00c0 l\u2019occasion de la F\u00eate de No\u00ebl, une cr\u00e8che anim\u00e9e a \u00e9t\u00e9 mise en place, dont les interpr\u00e8tes \u00e9taient les pensionnaires eux-m\u00eames. La vid\u00e9o r\u00e9alis\u00e9e \u00e0 cette occasion sera remise au Saint-P\u00e8re le Pape Fran\u00e7ois.<\/p>\n<p><strong>\u00a0<\/strong><\/p>\n<p>&nbsp;<\/p>\n<p><!--more--><\/p>\n<p><a href=\"http:\/\/www.constantinianorder.net\/wp-content\/uploads\/2016\/01\/1.jpg\"><img loading=\"lazy\" decoding=\"async\" class=\"alignnone wp-image-20274\" src=\"http:\/\/www.constantinianorder.net\/wp-content\/uploads\/2016\/01\/1-300x225.jpg\" alt=\"1\" width=\"431\" height=\"323\" \/><\/a><\/p>\n<p><a href=\"http:\/\/www.constantinianorder.net\/wp-content\/uploads\/2016\/01\/2.jpg\"><img loading=\"lazy\" decoding=\"async\" class=\"alignnone wp-image-20275\" src=\"http:\/\/www.constantinianorder.net\/wp-content\/uploads\/2016\/01\/2-300x200.jpg\" alt=\"2\" width=\"431\" height=\"287\" \/><\/a><\/p>\n<p><a href=\"http:\/\/www.constantinianorder.net\/wp-content\/uploads\/2016\/01\/6.jpg\"><img loading=\"lazy\" decoding=\"async\" class=\"alignnone wp-image-20276\" src=\"http:\/\/www.constantinianorder.net\/wp-content\/uploads\/2016\/01\/6-300x225.jpg\" alt=\"6\" width=\"428\" height=\"321\" \/><\/a><\/p>\n<p><a href=\"http:\/\/www.constantinianorder.net\/wp-content\/uploads\/2016\/01\/8.jpg\"><img loading=\"lazy\" decoding=\"async\" class=\"alignnone wp-image-20277\" src=\"http:\/\/www.constantinianorder.net\/wp-content\/uploads\/2016\/01\/8-300x286.jpg\" alt=\"8\" width=\"389\" height=\"371\" \/><\/a><\/p>\n<p><a href=\"http:\/\/www.constantinianorder.net\/wp-content\/uploads\/2016\/01\/9.jpg\"><img loading=\"lazy\" decoding=\"async\" class=\"alignnone wp-image-20278\" src=\"http:\/\/www.constantinianorder.net\/wp-content\/uploads\/2016\/01\/9-300x242.jpg\" alt=\"9\" width=\"431\" height=\"348\" \/><\/a><\/p>\n","protected":false},"excerpt":{"rendered":"<p>Monreale, 22 d\u00e9cembre 2015. La D\u00e9l\u00e9gation de Sicile de l\u2019Ordre Sacr\u00e9 et Militaire Constantinien de Saint-Georges a organis\u00e9, \u00e0 l\u2019Hospice Balsamo de Monreale, un repas de No\u00ebl en faveur des personnes \u00e2g\u00e9es accueillies par la structure. Les chevaliers Carmelo Sammarco et Vincenzo Nuccio, accompagn\u00e9s du D\u00e9l\u00e9gu\u00e9 Vicaire Antonio di Janni, ont servi les repas avec [&hellip;]<\/p>\n","protected":false},"author":1,"featured_media":0,"comment_status":"closed","ping_status":"open","sticky":false,"template":"","format":"standard","meta":{"footnotes":""},"categories":[166],"tags":[],"class_list":["post-20419","post","type-post","status-publish","format-standard","hentry","category-delegation-de-la-sicile"],"_links":{"self":[{"href":"https:\/\/svil.constantinianorder.com\/fr\/wp-json\/wp\/v2\/posts\/20419","targetHints":{"allow":["GET"]}}],"collection":[{"href":"https:\/\/svil.constantinianorder.com\/fr\/wp-json\/wp\/v2\/posts"}],"about":[{"href":"https:\/\/svil.constantinianorder.com\/fr\/wp-json\/wp\/v2\/types\/post"}],"author":[{"embeddable":true,"href":"https:\/\/svil.constantinianorder.com\/fr\/wp-json\/wp\/v2\/users\/1"}],"replies":[{"embeddable":true,"href":"https:\/\/svil.constantinianorder.com\/fr\/wp-json\/wp\/v2\/comments?post=20419"}],"version-history":[{"count":1,"href":"https:\/\/svil.constantinianorder.com\/fr\/wp-json\/wp\/v2\/posts\/20419\/revisions"}],"predecessor-version":[{"id":60996,"href":"https:\/\/svil.constantinianorder.com\/fr\/wp-json\/wp\/v2\/posts\/20419\/revisions\/60996"}],"wp:attachment":[{"href":"https:\/\/svil.constantinianorder.com\/fr\/wp-json\/wp\/v2\/media?parent=20419"}],"wp:term":[{"taxonomy":"category","embeddable":true,"href":"https:\/\/svil.constantinianorder.com\/fr\/wp-json\/wp\/v2\/categories?post=20419"},{"taxonomy":"post_tag","embeddable":true,"href":"https:\/\/svil.constantinianorder.com\/fr\/wp-json\/wp\/v2\/tags?post=20419"}],"curies":[{"name":"wp","href":"https:\/\/api.w.org\/{rel}","templated":true}]}}