{"id":20426,"date":"2015-12-25T11:36:39","date_gmt":"2015-12-25T11:36:39","guid":{"rendered":"http:\/\/www.constantinianorder.net\/?p=20426"},"modified":"2026-01-16T16:16:17","modified_gmt":"2026-01-16T16:16:17","slug":"noel-a-s-caterina-villarmosa","status":"publish","type":"post","link":"https:\/\/svil.constantinianorder.com\/fr\/noel-a-s-caterina-villarmosa\/","title":{"rendered":"No\u00ebl \u00e0 S. Caterina Villarmosa"},"content":{"rendered":"<p><strong><a href=\"http:\/\/www.constantinianorder.net\/wp-content\/uploads\/2016\/01\/S.-Caterina-vllermosa-0161.jpg\"><img loading=\"lazy\" decoding=\"async\" class=\"alignleft wp-image-20291\" src=\"http:\/\/www.constantinianorder.net\/wp-content\/uploads\/2016\/01\/S.-Caterina-vllermosa-0161-300x169.jpg\" alt=\"S. Caterina vllermosa 016(1)\" width=\"291\" height=\"164\" \/><\/a><\/strong><\/p>\n<ol start=\"2015\">\n<li><strong> Caterina Villarmosa<\/strong><strong>, 25 d\u00e9cembre 2015<\/strong>. Comme chaque ann\u00e9e, l\u2019Ordre Sacr\u00e9 et Militaire Constantinien de Saint-Georges \u00e9tait pr\u00e9sent \u00e0 la veill\u00e9e de No\u00ebl de S. Caterina Villarmosa, avec la Dame Margherita Scarpinata et les Chevaliers Michele Antonio Tramontana (coordinateur territorial) et Salvatore Favata. La veill\u00e9e, tr\u00e8s \u00e9mouvante, a \u00e9t\u00e9 c\u00e9l\u00e9br\u00e9e par le Cur\u00e9 Don Antonino La Paglia et par son vicaire Don Marco Cosentino. \u00c0 la fin de la c\u00e9l\u00e9bration, s\u2019est d\u00e9roul\u00e9e l\u2019habituelle procession lors de laquelle Don Antonino La Paglia a port\u00e9 l\u2019Enfant-J\u00e9sus dans ses bras.<\/li>\n<\/ol>\n<p>&nbsp;<\/p>\n<p><!--more--><\/p>\n<p><a href=\"http:\/\/www.constantinianorder.net\/wp-content\/uploads\/2016\/01\/IMG_20151225_00204615.jpg\"><img loading=\"lazy\" decoding=\"async\" class=\"alignnone wp-image-20290\" src=\"http:\/\/www.constantinianorder.net\/wp-content\/uploads\/2016\/01\/IMG_20151225_00204615-300x169.jpg\" alt=\"IMG_20151225_00204615\" width=\"435\" height=\"245\" \/><\/a><\/p>\n<p><a href=\"http:\/\/www.constantinianorder.net\/wp-content\/uploads\/2016\/01\/S.-Caterina-vllermosa-0161.jpg\"><img loading=\"lazy\" decoding=\"async\" class=\"alignnone wp-image-20291\" src=\"http:\/\/www.constantinianorder.net\/wp-content\/uploads\/2016\/01\/S.-Caterina-vllermosa-0161-300x169.jpg\" alt=\"S. Caterina vllermosa 016(1)\" width=\"433\" height=\"244\" \/><\/a><\/p>\n","protected":false},"excerpt":{"rendered":"<p>Caterina Villarmosa, 25 d\u00e9cembre 2015. Comme chaque ann\u00e9e, l\u2019Ordre Sacr\u00e9 et Militaire Constantinien de Saint-Georges \u00e9tait pr\u00e9sent \u00e0 la veill\u00e9e de No\u00ebl de S. Caterina Villarmosa, avec la Dame Margherita Scarpinata et les Chevaliers Michele Antonio Tramontana (coordinateur territorial) et Salvatore Favata. La veill\u00e9e, tr\u00e8s \u00e9mouvante, a \u00e9t\u00e9 c\u00e9l\u00e9br\u00e9e par le Cur\u00e9 Don Antonino La [&hellip;]<\/p>\n","protected":false},"author":1,"featured_media":0,"comment_status":"closed","ping_status":"open","sticky":false,"template":"","format":"standard","meta":{"footnotes":""},"categories":[166],"tags":[],"class_list":["post-20426","post","type-post","status-publish","format-standard","hentry","category-delegation-de-la-sicile"],"_links":{"self":[{"href":"https:\/\/svil.constantinianorder.com\/fr\/wp-json\/wp\/v2\/posts\/20426","targetHints":{"allow":["GET"]}}],"collection":[{"href":"https:\/\/svil.constantinianorder.com\/fr\/wp-json\/wp\/v2\/posts"}],"about":[{"href":"https:\/\/svil.constantinianorder.com\/fr\/wp-json\/wp\/v2\/types\/post"}],"author":[{"embeddable":true,"href":"https:\/\/svil.constantinianorder.com\/fr\/wp-json\/wp\/v2\/users\/1"}],"replies":[{"embeddable":true,"href":"https:\/\/svil.constantinianorder.com\/fr\/wp-json\/wp\/v2\/comments?post=20426"}],"version-history":[{"count":1,"href":"https:\/\/svil.constantinianorder.com\/fr\/wp-json\/wp\/v2\/posts\/20426\/revisions"}],"predecessor-version":[{"id":61018,"href":"https:\/\/svil.constantinianorder.com\/fr\/wp-json\/wp\/v2\/posts\/20426\/revisions\/61018"}],"wp:attachment":[{"href":"https:\/\/svil.constantinianorder.com\/fr\/wp-json\/wp\/v2\/media?parent=20426"}],"wp:term":[{"taxonomy":"category","embeddable":true,"href":"https:\/\/svil.constantinianorder.com\/fr\/wp-json\/wp\/v2\/categories?post=20426"},{"taxonomy":"post_tag","embeddable":true,"href":"https:\/\/svil.constantinianorder.com\/fr\/wp-json\/wp\/v2\/tags?post=20426"}],"curies":[{"name":"wp","href":"https:\/\/api.w.org\/{rel}","templated":true}]}}