{"id":20639,"date":"2016-01-31T11:13:28","date_gmt":"2016-01-31T11:13:28","guid":{"rendered":"http:\/\/www.constantinianorder.net\/?p=20639"},"modified":"2026-02-05T15:36:17","modified_gmt":"2026-02-05T15:36:17","slug":"don-de-vetements-a-la-caritas-diocesaine-de-saint-marin","status":"publish","type":"post","link":"https:\/\/svil.constantinianorder.com\/fr\/don-de-vetements-a-la-caritas-diocesaine-de-saint-marin\/","title":{"rendered":"DON DE V\u00caTEMENTS \u00c0 LA CARITAS DIOCESAINE DE SAINT-MARIN"},"content":{"rendered":"<p><strong><a href=\"http:\/\/www.constantinianorder.net\/wp-content\/uploads\/2016\/02\/Attachment-1.jpeg\"><img loading=\"lazy\" decoding=\"async\" class=\"alignleft wp-image-20628\" src=\"http:\/\/www.constantinianorder.net\/wp-content\/uploads\/2016\/02\/Attachment-1-300x300.jpeg\" alt=\"Attachment-1\" width=\"243\" height=\"243\" \/><\/a><\/strong><\/p>\n<p><strong>Saint-Marin, 31 janvier 2016<\/strong>. La D\u00e9l\u00e9gation de l\u2019Ordre Sacr\u00e9 et Militaire Constantinien de Saint-Georges de la R\u00e9publique S\u00e9r\u00e9nissime de Saint-Marin s\u2019est charg\u00e9e de remettre \u00e0 la Caritas Dioc\u00e9saine de Saint-Marin une quantit\u00e9 consid\u00e9rable de v\u00eatements et de couvertures, contribuant ainsi \u00e0 satisfaire les exigences des familles en difficult\u00e9.\u00a0Cette mission r\u00e9pond aux finalit\u00e9s du projet \u00ab\u00a0La Faim de notre voisin\u00a0\u00bb, fortement souhait\u00e9 par le Grand Ma\u00eetre S.A.R. le Prince Charles de Bourbon des Deux-Siciles.<\/p>\n<p>&nbsp;<\/p>\n<p>&nbsp;<\/p>\n<p>&nbsp;<\/p>\n<p><!--more--><\/p>\n<p><a href=\"http:\/\/www.constantinianorder.net\/wp-content\/uploads\/2016\/02\/Attachment-1.jpeg\"><img loading=\"lazy\" decoding=\"async\" class=\"alignnone  wp-image-20628\" src=\"http:\/\/www.constantinianorder.net\/wp-content\/uploads\/2016\/02\/Attachment-1-300x300.jpeg\" alt=\"Attachment-1\" width=\"419\" height=\"419\" \/><\/a><\/p>\n","protected":false},"excerpt":{"rendered":"<p>Saint-Marin, 31 janvier 2016. La D\u00e9l\u00e9gation de l\u2019Ordre Sacr\u00e9 et Militaire Constantinien de Saint-Georges de la R\u00e9publique S\u00e9r\u00e9nissime de Saint-Marin s\u2019est charg\u00e9e de remettre \u00e0 la Caritas Dioc\u00e9saine de Saint-Marin une quantit\u00e9 consid\u00e9rable de v\u00eatements et de couvertures, contribuant ainsi \u00e0 satisfaire les exigences des familles en difficult\u00e9.\u00a0Cette mission r\u00e9pond aux finalit\u00e9s du projet \u00ab\u00a0La [&hellip;]<\/p>\n","protected":false},"author":1,"featured_media":0,"comment_status":"closed","ping_status":"open","sticky":false,"template":"","format":"standard","meta":{"footnotes":""},"categories":[292],"tags":[],"class_list":["post-20639","post","type-post","status-publish","format-standard","hentry","category-delegation-de-saint-marin"],"_links":{"self":[{"href":"https:\/\/svil.constantinianorder.com\/fr\/wp-json\/wp\/v2\/posts\/20639","targetHints":{"allow":["GET"]}}],"collection":[{"href":"https:\/\/svil.constantinianorder.com\/fr\/wp-json\/wp\/v2\/posts"}],"about":[{"href":"https:\/\/svil.constantinianorder.com\/fr\/wp-json\/wp\/v2\/types\/post"}],"author":[{"embeddable":true,"href":"https:\/\/svil.constantinianorder.com\/fr\/wp-json\/wp\/v2\/users\/1"}],"replies":[{"embeddable":true,"href":"https:\/\/svil.constantinianorder.com\/fr\/wp-json\/wp\/v2\/comments?post=20639"}],"version-history":[{"count":1,"href":"https:\/\/svil.constantinianorder.com\/fr\/wp-json\/wp\/v2\/posts\/20639\/revisions"}],"predecessor-version":[{"id":59469,"href":"https:\/\/svil.constantinianorder.com\/fr\/wp-json\/wp\/v2\/posts\/20639\/revisions\/59469"}],"wp:attachment":[{"href":"https:\/\/svil.constantinianorder.com\/fr\/wp-json\/wp\/v2\/media?parent=20639"}],"wp:term":[{"taxonomy":"category","embeddable":true,"href":"https:\/\/svil.constantinianorder.com\/fr\/wp-json\/wp\/v2\/categories?post=20639"},{"taxonomy":"post_tag","embeddable":true,"href":"https:\/\/svil.constantinianorder.com\/fr\/wp-json\/wp\/v2\/tags?post=20639"}],"curies":[{"name":"wp","href":"https:\/\/api.w.org\/{rel}","templated":true}]}}