{"id":20726,"date":"2016-03-19T09:00:58","date_gmt":"2016-03-19T09:00:58","guid":{"rendered":"http:\/\/www.constantinianorder.net\/?p=20726"},"modified":"2026-01-16T15:34:31","modified_gmt":"2026-01-16T15:34:31","slug":"sainte-messe-en-memoire-du-dernier-grand-maitre-de-lordre-constantinien-ferdinand-de-bourbon-des-deux-siciles","status":"publish","type":"post","link":"https:\/\/svil.constantinianorder.com\/fr\/sainte-messe-en-memoire-du-dernier-grand-maitre-de-lordre-constantinien-ferdinand-de-bourbon-des-deux-siciles\/","title":{"rendered":"SAINTE MESSE EN MEMOIRE DU DERNIER GRAND MA\u00ceTRE DE L\u2019ORDRE CONSTANTINIEN, FERDINAND DE BOURBON DES DEUX-SICILES"},"content":{"rendered":"<p><strong><a href=\"http:\/\/www.constantinianorder.net\/wp-content\/uploads\/2016\/03\/20160319-Precetto-Pasquale-8.jpg\"><img loading=\"lazy\" decoding=\"async\" class=\"alignleft wp-image-20826\" src=\"http:\/\/www.constantinianorder.net\/wp-content\/uploads\/2016\/03\/20160319-Precetto-Pasquale-8-300x200.jpg\" alt=\"20160319 Precetto Pasquale (8)\" width=\"279\" height=\"186\" \/><\/a>Mossa (GO), 19 mars 2016<\/strong>. L\u2019\u00e9glise paroissiale <em>S. Andrea Apostolo<\/em> de Mossa (Province de Gorizia) a accueilli, \u00e0 10h30, la Sainte Messe solennelle \u00e0 l\u2019intention de S.A.R. le Prince Ferdinand de Bourbon des Deux-Siciles, XVII<sup>e<\/sup> Duc de Castro et LIII<sup>e<\/sup> Grand Ma\u00eetre de l\u2019Ordre Constantinien, auguste p\u00e8re de S.A.R. le Prince Charles de Bourbon des Deux-Siciles, Duc de Castro.\u00a0La Sainte Messe, organis\u00e9e par le Commandeur Giorgio Miccoli, D\u00e9l\u00e9gu\u00e9 Vicaire des Trois V\u00e9n\u00e9ties, a \u00e9t\u00e9 pr\u00e9sid\u00e9e par le Prieur de la D\u00e9l\u00e9gation S.E.R. Monseigneur Arnaldo Greco et conc\u00e9l\u00e9br\u00e9e par les Aum\u00f4niers et Chevaliers Eccl\u00e9siastiques de la D\u00e9l\u00e9gation.\u00a0Au terme de la C\u00e9r\u00e9monie Eucharistique, les lettres de nomination ont \u00e9t\u00e9 livr\u00e9s aux nouveaux Chevaliers, dont l\u2019investiture se d\u00e9roulera solennellement \u00e0 la Cath\u00e9drale <em>San Giusto<\/em> de Trieste, le 23 avril 2016.<\/p>\n<p>&nbsp;<\/p>\n<p><!--more--><\/p>\n<p><a href=\"http:\/\/www.constantinianorder.net\/wp-content\/uploads\/2016\/03\/20160319-Precetto-Pasquale-3.jpg\"><img loading=\"lazy\" decoding=\"async\" class=\"alignnone wp-image-20823\" src=\"http:\/\/www.constantinianorder.net\/wp-content\/uploads\/2016\/03\/20160319-Precetto-Pasquale-3-300x200.jpg\" alt=\"20160319 Precetto Pasquale (3)\" width=\"458\" height=\"305\" \/><\/a><\/p>\n<p><a href=\"http:\/\/www.constantinianorder.net\/wp-content\/uploads\/2016\/03\/20160319-Precetto-Pasquale-5.jpg\"><img loading=\"lazy\" decoding=\"async\" class=\"alignnone wp-image-20824\" src=\"http:\/\/www.constantinianorder.net\/wp-content\/uploads\/2016\/03\/20160319-Precetto-Pasquale-5-300x200.jpg\" alt=\"20160319 Precetto Pasquale (5)\" width=\"457\" height=\"304\" \/><\/a><\/p>\n<p><a href=\"http:\/\/www.constantinianorder.net\/wp-content\/uploads\/2016\/03\/20160319-Precetto-Pasquale-8.jpg\"><img loading=\"lazy\" decoding=\"async\" class=\"alignnone wp-image-20826\" src=\"http:\/\/www.constantinianorder.net\/wp-content\/uploads\/2016\/03\/20160319-Precetto-Pasquale-8-300x200.jpg\" alt=\"20160319 Precetto Pasquale (8)\" width=\"457\" height=\"305\" \/><\/a><\/p>\n","protected":false},"excerpt":{"rendered":"<p>Mossa (GO), 19 mars 2016. L\u2019\u00e9glise paroissiale S. Andrea Apostolo de Mossa (Province de Gorizia) a accueilli, \u00e0 10h30, la Sainte Messe solennelle \u00e0 l\u2019intention de S.A.R. le Prince Ferdinand de Bourbon des Deux-Siciles, XVIIe Duc de Castro et LIIIe Grand Ma\u00eetre de l\u2019Ordre Constantinien, auguste p\u00e8re de S.A.R. le Prince Charles de Bourbon des [&hellip;]<\/p>\n","protected":false},"author":1,"featured_media":0,"comment_status":"closed","ping_status":"open","sticky":false,"template":"","format":"standard","meta":{"footnotes":""},"categories":[213],"tags":[],"class_list":["post-20726","post","type-post","status-publish","format-standard","hentry","category-delegation-du-triveneto"],"_links":{"self":[{"href":"https:\/\/svil.constantinianorder.com\/fr\/wp-json\/wp\/v2\/posts\/20726","targetHints":{"allow":["GET"]}}],"collection":[{"href":"https:\/\/svil.constantinianorder.com\/fr\/wp-json\/wp\/v2\/posts"}],"about":[{"href":"https:\/\/svil.constantinianorder.com\/fr\/wp-json\/wp\/v2\/types\/post"}],"author":[{"embeddable":true,"href":"https:\/\/svil.constantinianorder.com\/fr\/wp-json\/wp\/v2\/users\/1"}],"replies":[{"embeddable":true,"href":"https:\/\/svil.constantinianorder.com\/fr\/wp-json\/wp\/v2\/comments?post=20726"}],"version-history":[{"count":1,"href":"https:\/\/svil.constantinianorder.com\/fr\/wp-json\/wp\/v2\/posts\/20726\/revisions"}],"predecessor-version":[{"id":59580,"href":"https:\/\/svil.constantinianorder.com\/fr\/wp-json\/wp\/v2\/posts\/20726\/revisions\/59580"}],"wp:attachment":[{"href":"https:\/\/svil.constantinianorder.com\/fr\/wp-json\/wp\/v2\/media?parent=20726"}],"wp:term":[{"taxonomy":"category","embeddable":true,"href":"https:\/\/svil.constantinianorder.com\/fr\/wp-json\/wp\/v2\/categories?post=20726"},{"taxonomy":"post_tag","embeddable":true,"href":"https:\/\/svil.constantinianorder.com\/fr\/wp-json\/wp\/v2\/tags?post=20726"}],"curies":[{"name":"wp","href":"https:\/\/api.w.org\/{rel}","templated":true}]}}