{"id":20904,"date":"2016-03-11T11:28:42","date_gmt":"2016-03-11T11:28:42","guid":{"rendered":"http:\/\/www.constantinianorder.net\/?p=20904"},"modified":"2026-01-16T15:34:24","modified_gmt":"2026-01-16T15:34:24","slug":"conference-sur-le-martyr-saint-georges-et-les-ordres-chevaleresques","status":"publish","type":"post","link":"https:\/\/svil.constantinianorder.com\/fr\/conference-sur-le-martyr-saint-georges-et-les-ordres-chevaleresques\/","title":{"rendered":"CONFERENCE SUR \u00ab LE MARTYR SAINT-GEORGES ET LES ORDRES CHEVALERESQUES \u00bb"},"content":{"rendered":"<p><strong><a href=\"http:\/\/www.constantinianorder.net\/wp-content\/uploads\/2016\/03\/imm2.jpg\"><img loading=\"lazy\" decoding=\"async\" class=\"alignleft wp-image-20801\" src=\"http:\/\/www.constantinianorder.net\/wp-content\/uploads\/2016\/03\/imm2-300x200.jpg\" alt=\"imm2\" width=\"288\" height=\"192\" \/><\/a><\/strong><\/p>\n<p><strong>Alexandrie, 11 mars 2016<\/strong>. Le Grand H\u00f4tel <em>Alli Due Buoi Rossi<\/em> a accueilli au sein d\u2019une de ses salles la conf\u00e9rence intitul\u00e9e \u00ab\u00a0Le M\u00e9galomartyr Saint-Georges et les Ordres Chevaleresques\u00a0\u00bb, tenue par le Chevalier Professeur Alessio Varisco, enseignant et directeur \u00e0 l\u2019Acad\u00e9mie des Beaux-Arts de Brera, en Anthropologie et Arts Sacr\u00e9s.\u00a0Ont particip\u00e9 au d\u00e9bat, mod\u00e9r\u00e9 par le Dr Fabio Robotti (Chevalier d\u2019Office, Pr\u00e9sident du Kiwanis Club et illustre historien), le Chevalier de M\u00e9rite Carlo Varni (D\u00e9l\u00e9gu\u00e9 ANIOC du Pi\u00e9mont) et le Dr Alessandro Medici (Chevalier de M\u00e9rite avec Plaque et Repr\u00e9sentant d\u2019Alexandrie et d\u2019Asti de l\u2019Ordre).\u00a0De nombreux Chevaliers et Dames \u00e9taient \u00e9galement pr\u00e9sents.\u00a0Les recettes de la soir\u00e9e ont \u00e9t\u00e9 enti\u00e8rement revers\u00e9es \u00e0 des \u0153uvres de bienfaisance.<\/p>\n<p><strong>\u00a0<\/strong><\/p>\n<p>&nbsp;<\/p>\n<p><!--more--><a href=\"http:\/\/www.constantinianorder.net\/wp-content\/uploads\/2016\/03\/imm1.jpg\"><img loading=\"lazy\" decoding=\"async\" class=\"alignnone  wp-image-20800\" src=\"http:\/\/www.constantinianorder.net\/wp-content\/uploads\/2016\/03\/imm1-300x200.jpg\" alt=\"imm1\" width=\"475\" height=\"316\" \/><\/a><\/p>\n<p><a href=\"http:\/\/www.constantinianorder.net\/wp-content\/uploads\/2016\/03\/imm2.jpg\"><img loading=\"lazy\" decoding=\"async\" class=\"alignnone  wp-image-20801\" src=\"http:\/\/www.constantinianorder.net\/wp-content\/uploads\/2016\/03\/imm2-300x200.jpg\" alt=\"imm2\" width=\"476\" height=\"317\" \/><\/a><\/p>\n","protected":false},"excerpt":{"rendered":"<p>Alexandrie, 11 mars 2016. Le Grand H\u00f4tel Alli Due Buoi Rossi a accueilli au sein d\u2019une de ses salles la conf\u00e9rence intitul\u00e9e \u00ab\u00a0Le M\u00e9galomartyr Saint-Georges et les Ordres Chevaleresques\u00a0\u00bb, tenue par le Chevalier Professeur Alessio Varisco, enseignant et directeur \u00e0 l\u2019Acad\u00e9mie des Beaux-Arts de Brera, en Anthropologie et Arts Sacr\u00e9s.\u00a0Ont particip\u00e9 au d\u00e9bat, mod\u00e9r\u00e9 par [&hellip;]<\/p>\n","protected":false},"author":1,"featured_media":0,"comment_status":"closed","ping_status":"open","sticky":false,"template":"","format":"standard","meta":{"footnotes":""},"categories":[174],"tags":[],"class_list":["post-20904","post","type-post","status-publish","format-standard","hentry","category-delegation-du-piemont-et-de-la-vallee-daoste"],"_links":{"self":[{"href":"https:\/\/svil.constantinianorder.com\/fr\/wp-json\/wp\/v2\/posts\/20904","targetHints":{"allow":["GET"]}}],"collection":[{"href":"https:\/\/svil.constantinianorder.com\/fr\/wp-json\/wp\/v2\/posts"}],"about":[{"href":"https:\/\/svil.constantinianorder.com\/fr\/wp-json\/wp\/v2\/types\/post"}],"author":[{"embeddable":true,"href":"https:\/\/svil.constantinianorder.com\/fr\/wp-json\/wp\/v2\/users\/1"}],"replies":[{"embeddable":true,"href":"https:\/\/svil.constantinianorder.com\/fr\/wp-json\/wp\/v2\/comments?post=20904"}],"version-history":[{"count":1,"href":"https:\/\/svil.constantinianorder.com\/fr\/wp-json\/wp\/v2\/posts\/20904\/revisions"}],"predecessor-version":[{"id":59567,"href":"https:\/\/svil.constantinianorder.com\/fr\/wp-json\/wp\/v2\/posts\/20904\/revisions\/59567"}],"wp:attachment":[{"href":"https:\/\/svil.constantinianorder.com\/fr\/wp-json\/wp\/v2\/media?parent=20904"}],"wp:term":[{"taxonomy":"category","embeddable":true,"href":"https:\/\/svil.constantinianorder.com\/fr\/wp-json\/wp\/v2\/categories?post=20904"},{"taxonomy":"post_tag","embeddable":true,"href":"https:\/\/svil.constantinianorder.com\/fr\/wp-json\/wp\/v2\/tags?post=20904"}],"curies":[{"name":"wp","href":"https:\/\/api.w.org\/{rel}","templated":true}]}}