{"id":20906,"date":"2016-03-24T09:00:23","date_gmt":"2016-03-24T09:00:23","guid":{"rendered":"http:\/\/www.constantinianorder.net\/?p=20906"},"modified":"2026-01-16T15:34:38","modified_gmt":"2026-01-16T15:34:38","slug":"nouvelles-miettes-de-sante-au-centre-commercial-baby-de-palerme","status":"publish","type":"post","link":"https:\/\/svil.constantinianorder.com\/fr\/nouvelles-miettes-de-sante-au-centre-commercial-baby-de-palerme\/","title":{"rendered":"\u00ab NOUVELLES MIETTES DE SANTE \u00bb AU CENTRE COMMERCIAL BABY DE PALERME"},"content":{"rendered":"<p><strong><a href=\"http:\/\/www.constantinianorder.net\/wp-content\/uploads\/2016\/03\/foto.jpg\"><img loading=\"lazy\" decoding=\"async\" class=\"alignleft wp-image-20822 \" src=\"http:\/\/www.constantinianorder.net\/wp-content\/uploads\/2016\/03\/foto-300x190.jpg\" alt=\"foto\" width=\"285\" height=\"180\" \/><\/a><\/strong><\/p>\n<p><strong>Palerme, 24 mars 2016<\/strong>. La D\u00e9l\u00e9gation de Sicile, repr\u00e9sent\u00e9e par le D\u00e9l\u00e9gu\u00e9 Vicaire, le Noble Dr Antonio di Janni, ainsi que par plusieurs Dames et Chevaliers de l\u2019Ordre, a organis\u00e9 une collecte alimentaire au centre commercial Baby de Palerme, dans le cadre du projet\u00a0\u00ab\u00a0Nouvelles Miettes de Sant\u00e9 \u00bb.\u00a0Toutes les personnes concern\u00e9es ont fait don aux familles les plus n\u00e9cessiteuses de biens de premi\u00e8re n\u00e9cessit\u00e9, parmi lesquels\u00a0: p\u00e2tes \u00e0 potage, aliments homog\u00e9n\u00e9is\u00e9s, lait liquide, biscuits, couches.<\/p>\n<p>&nbsp;<\/p>\n<p>&nbsp;<\/p>\n<p><!--more--><\/p>\n<p><a href=\"http:\/\/www.constantinianorder.net\/wp-content\/uploads\/2016\/03\/imm.png\"><img loading=\"lazy\" decoding=\"async\" class=\"alignnone wp-image-20811\" src=\"http:\/\/www.constantinianorder.net\/wp-content\/uploads\/2016\/03\/imm-194x300.png\" alt=\"imm\" width=\"348\" height=\"539\" \/><\/a><\/p>\n<p><a href=\"http:\/\/www.constantinianorder.net\/wp-content\/uploads\/2016\/03\/foto.jpg\"><img loading=\"lazy\" decoding=\"async\" class=\"alignnone wp-image-20822\" src=\"http:\/\/www.constantinianorder.net\/wp-content\/uploads\/2016\/03\/foto-300x190.jpg\" alt=\"foto\" width=\"505\" height=\"320\" \/><\/a><\/p>\n","protected":false},"excerpt":{"rendered":"<p>Palerme, 24 mars 2016. La D\u00e9l\u00e9gation de Sicile, repr\u00e9sent\u00e9e par le D\u00e9l\u00e9gu\u00e9 Vicaire, le Noble Dr Antonio di Janni, ainsi que par plusieurs Dames et Chevaliers de l\u2019Ordre, a organis\u00e9 une collecte alimentaire au centre commercial Baby de Palerme, dans le cadre du projet\u00a0\u00ab\u00a0Nouvelles Miettes de Sant\u00e9 \u00bb.\u00a0Toutes les personnes concern\u00e9es ont fait don aux [&hellip;]<\/p>\n","protected":false},"author":1,"featured_media":0,"comment_status":"closed","ping_status":"open","sticky":false,"template":"","format":"standard","meta":{"footnotes":""},"categories":[166],"tags":[],"class_list":["post-20906","post","type-post","status-publish","format-standard","hentry","category-delegation-de-la-sicile"],"_links":{"self":[{"href":"https:\/\/svil.constantinianorder.com\/fr\/wp-json\/wp\/v2\/posts\/20906","targetHints":{"allow":["GET"]}}],"collection":[{"href":"https:\/\/svil.constantinianorder.com\/fr\/wp-json\/wp\/v2\/posts"}],"about":[{"href":"https:\/\/svil.constantinianorder.com\/fr\/wp-json\/wp\/v2\/types\/post"}],"author":[{"embeddable":true,"href":"https:\/\/svil.constantinianorder.com\/fr\/wp-json\/wp\/v2\/users\/1"}],"replies":[{"embeddable":true,"href":"https:\/\/svil.constantinianorder.com\/fr\/wp-json\/wp\/v2\/comments?post=20906"}],"version-history":[{"count":1,"href":"https:\/\/svil.constantinianorder.com\/fr\/wp-json\/wp\/v2\/posts\/20906\/revisions"}],"predecessor-version":[{"id":59598,"href":"https:\/\/svil.constantinianorder.com\/fr\/wp-json\/wp\/v2\/posts\/20906\/revisions\/59598"}],"wp:attachment":[{"href":"https:\/\/svil.constantinianorder.com\/fr\/wp-json\/wp\/v2\/media?parent=20906"}],"wp:term":[{"taxonomy":"category","embeddable":true,"href":"https:\/\/svil.constantinianorder.com\/fr\/wp-json\/wp\/v2\/categories?post=20906"},{"taxonomy":"post_tag","embeddable":true,"href":"https:\/\/svil.constantinianorder.com\/fr\/wp-json\/wp\/v2\/tags?post=20906"}],"curies":[{"name":"wp","href":"https:\/\/api.w.org\/{rel}","templated":true}]}}