{"id":20926,"date":"2016-03-11T15:32:07","date_gmt":"2016-03-11T15:32:07","guid":{"rendered":"http:\/\/www.constantinianorder.net\/?p=20926"},"modified":"2026-01-16T15:34:28","modified_gmt":"2026-01-16T15:34:28","slug":"grand-gala-de-bienfaisance","status":"publish","type":"post","link":"https:\/\/svil.constantinianorder.com\/fr\/grand-gala-de-bienfaisance\/","title":{"rendered":"GRAND GALA DE BIENFAISANCE"},"content":{"rendered":"<p><strong><a href=\"http:\/\/www.constantinianorder.net\/wp-content\/uploads\/2016\/03\/NATALE-2015-237....jpg\"><img loading=\"lazy\" decoding=\"async\" class=\"alignleft wp-image-20857\" src=\"http:\/\/www.constantinianorder.net\/wp-content\/uploads\/2016\/03\/NATALE-2015-237...-300x169.jpg\" alt=\"NATALE 2015 237...\" width=\"284\" height=\"160\" \/><\/a><\/strong><\/p>\n<p><strong>Stresa, 11 mars 2016<\/strong>. Le Repr\u00e9sentant de Novare et Verbania-Cusio-Ossola de l\u2019Ordre Constantinien, le Chevalier Andrea Padulazzi, accompagn\u00e9 de l\u2019Association <em>Cuochi Novara e VCO<\/em>, a eu le plaisir d\u2019accueillir \u00e0 l\u2019H\u00f4tel \u00ab\u00a0Regina Palace\u00a0\u00bb de Stresa le Grand Gala de Bienfaisance en faveur du service de chirurgie des H\u00f4pitaux de Verbania et Domodossola.\u00a0Le Centre, sous la direction du Docteur Francesco Arceci, est reconnu d\u00e9sormais comme une structure d\u2019excellence en mati\u00e8re de soin des tumeurs colorectales.\u00a0Ayant pour but d\u2019acqu\u00e9rir des appareils et des \u00e9quipements destin\u00e9s \u00e0 la cr\u00e9ation de plusieurs services, l\u2019initiative est toujours accueillie, pour sa troisi\u00e8me \u00e9dition, avec un extraordinaire enthousiasme et une grande participation,\u00a0475 personnes ont particip\u00e9 et contribu\u00e9 \u00e0 cette \u00e9dition.<\/p>\n<p><strong>\u00a0<\/strong><\/p>\n<p>&nbsp;<\/p>\n<p><!--more--><\/p>\n<p><a href=\"http:\/\/www.constantinianorder.net\/wp-content\/uploads\/2016\/03\/NATALE-2015-225.......jpg\"><img loading=\"lazy\" decoding=\"async\" class=\"alignnone wp-image-20854\" src=\"http:\/\/www.constantinianorder.net\/wp-content\/uploads\/2016\/03\/NATALE-2015-225......-300x169.jpg\" alt=\"NATALE 2015 225......\" width=\"459\" height=\"259\" \/><\/a><\/p>\n<p><a href=\"http:\/\/www.constantinianorder.net\/wp-content\/uploads\/2016\/03\/NATALE-2015-229.....jpg\"><img loading=\"lazy\" decoding=\"async\" class=\"alignnone wp-image-20856\" src=\"http:\/\/www.constantinianorder.net\/wp-content\/uploads\/2016\/03\/NATALE-2015-229....-300x169.jpg\" alt=\"NATALE 2015 229....\" width=\"463\" height=\"261\" \/><\/a><\/p>\n<p><a href=\"http:\/\/www.constantinianorder.net\/wp-content\/uploads\/2016\/03\/NATALE-2015-237....jpg\"><img loading=\"lazy\" decoding=\"async\" class=\"alignnone wp-image-20857\" src=\"http:\/\/www.constantinianorder.net\/wp-content\/uploads\/2016\/03\/NATALE-2015-237...-300x169.jpg\" alt=\"NATALE 2015 237...\" width=\"465\" height=\"262\" \/><\/a><\/p>\n<p><a href=\"http:\/\/www.constantinianorder.net\/wp-content\/uploads\/2016\/03\/NATALE-2015-227......jpg\"><img loading=\"lazy\" decoding=\"async\" class=\"alignnone wp-image-20855\" src=\"http:\/\/www.constantinianorder.net\/wp-content\/uploads\/2016\/03\/NATALE-2015-227.....-300x169.jpg\" alt=\"NATALE 2015 227.....\" width=\"465\" height=\"262\" \/><\/a><\/p>\n<p><a href=\"http:\/\/www.constantinianorder.net\/wp-content\/uploads\/2016\/03\/FullSizeRender.jpg\"><img loading=\"lazy\" decoding=\"async\" class=\"alignnone wp-image-20853\" src=\"http:\/\/www.constantinianorder.net\/wp-content\/uploads\/2016\/03\/FullSizeRender-165x300.jpg\" alt=\"FullSizeRender\" width=\"350\" height=\"636\" \/><\/a><\/p>\n","protected":false},"excerpt":{"rendered":"<p>Stresa, 11 mars 2016. Le Repr\u00e9sentant de Novare et Verbania-Cusio-Ossola de l\u2019Ordre Constantinien, le Chevalier Andrea Padulazzi, accompagn\u00e9 de l\u2019Association Cuochi Novara e VCO, a eu le plaisir d\u2019accueillir \u00e0 l\u2019H\u00f4tel \u00ab\u00a0Regina Palace\u00a0\u00bb de Stresa le Grand Gala de Bienfaisance en faveur du service de chirurgie des H\u00f4pitaux de Verbania et Domodossola.\u00a0Le Centre, sous la [&hellip;]<\/p>\n","protected":false},"author":1,"featured_media":0,"comment_status":"closed","ping_status":"open","sticky":false,"template":"","format":"standard","meta":{"footnotes":""},"categories":[174,172],"tags":[],"class_list":["post-20926","post","type-post","status-publish","format-standard","hentry","category-delegation-du-piemont-et-de-la-vallee-daoste","category-delegazione-di-piemonte-e-valle-daosta"],"_links":{"self":[{"href":"https:\/\/svil.constantinianorder.com\/fr\/wp-json\/wp\/v2\/posts\/20926","targetHints":{"allow":["GET"]}}],"collection":[{"href":"https:\/\/svil.constantinianorder.com\/fr\/wp-json\/wp\/v2\/posts"}],"about":[{"href":"https:\/\/svil.constantinianorder.com\/fr\/wp-json\/wp\/v2\/types\/post"}],"author":[{"embeddable":true,"href":"https:\/\/svil.constantinianorder.com\/fr\/wp-json\/wp\/v2\/users\/1"}],"replies":[{"embeddable":true,"href":"https:\/\/svil.constantinianorder.com\/fr\/wp-json\/wp\/v2\/comments?post=20926"}],"version-history":[{"count":1,"href":"https:\/\/svil.constantinianorder.com\/fr\/wp-json\/wp\/v2\/posts\/20926\/revisions"}],"predecessor-version":[{"id":59572,"href":"https:\/\/svil.constantinianorder.com\/fr\/wp-json\/wp\/v2\/posts\/20926\/revisions\/59572"}],"wp:attachment":[{"href":"https:\/\/svil.constantinianorder.com\/fr\/wp-json\/wp\/v2\/media?parent=20926"}],"wp:term":[{"taxonomy":"category","embeddable":true,"href":"https:\/\/svil.constantinianorder.com\/fr\/wp-json\/wp\/v2\/categories?post=20926"},{"taxonomy":"post_tag","embeddable":true,"href":"https:\/\/svil.constantinianorder.com\/fr\/wp-json\/wp\/v2\/tags?post=20926"}],"curies":[{"name":"wp","href":"https:\/\/api.w.org\/{rel}","templated":true}]}}