{"id":21390,"date":"2016-07-13T17:33:30","date_gmt":"2016-07-13T17:33:30","guid":{"rendered":"http:\/\/www.constantinianorder.net\/?p=21390"},"modified":"2026-02-04T11:27:40","modified_gmt":"2026-02-04T11:27:40","slug":"donation-vetements-juin","status":"publish","type":"post","link":"https:\/\/svil.constantinianorder.com\/fr\/donation-vetements-juin\/","title":{"rendered":"DONATION V\u00caTEMENTS \u2013 JUIN"},"content":{"rendered":"<p style=\"text-align: justify;\"><strong><a href=\"http:\/\/www.constantinianorder.net\/wp-content\/uploads\/2016\/06\/IMG_2436.jpg\"><img loading=\"lazy\" decoding=\"async\" class=\"size-medium wp-image-21254 alignleft\" src=\"http:\/\/www.constantinianorder.net\/wp-content\/uploads\/2016\/06\/IMG_2436-300x169.jpg\" alt=\"IMG_2436\" width=\"300\" height=\"169\" \/><\/a>Juin<\/strong> \u2013 La D\u00e9l\u00e9gation de Milan et Lombardie soutient le projet \u201cLa faim de notre voisin\u201d, fortement voulu par le Grand Ma\u00eetre, S.A.R. le Prince Charles de Bourbon des Deux-Siciles, qui concerne non seulement l\u2019aspect alimentaire, mais l\u2019ensemble des besoins de la vie de chacun de nous. C&rsquo;est pour cette raison que la D\u00e9l\u00e9gation a \u00e9t\u00e9 impliqu\u00e9e dans le domaine d&rsquo;une importante op\u00e9ration de mainlev\u00e9e de la Garde des Finances, men\u00e9e par le chef de bataillon Marco Salvagno, Commandeur Pronto Impiego Caschi Verdi di Torino. (Action Rapide Casques Verts de Turin). D\u00e9cisif l\u2019int\u00e9r\u00eat et l\u2019engagement des Chevaliers Luigi Rogliano et Gaetano Ruocco qui ont soign\u00e9 le rapport, assur\u00e9 personnellement le transport du mat\u00e9riel, avec la coordination du Prieur Mons. Arnaldo Morandi s&rsquo;est ensuite organis\u00e9e la distribution de au moins 5000 v\u00eatements dans les repr\u00e9sentations de Brescia, Bergamo et C\u00f4me. Les repr\u00e9sentants des susdites provinces se sont engag\u00e9s \u00e0 contacter des collectivit\u00e9s locales de solidarit\u00e9 sociale pour la livraison du mat\u00e9riel au b\u00e9n\u00e9fice des plus indigents au niveau des respectives zones de comp\u00e9tence.<\/p>\n<p style=\"text-align: justify;\"><!--more--><\/p>\n<p style=\"text-align: justify;\"><a href=\"http:\/\/www.constantinianorder.net\/wp-content\/uploads\/2016\/06\/IMG_2438.jpg\"><img loading=\"lazy\" decoding=\"async\" class=\"size-medium wp-image-21256 alignleft\" src=\"http:\/\/www.constantinianorder.net\/wp-content\/uploads\/2016\/06\/IMG_2438-169x300.jpg\" alt=\"IMG_2438\" width=\"169\" height=\"300\" \/><\/a>\u00a0<a href=\"http:\/\/www.constantinianorder.net\/wp-content\/uploads\/2016\/06\/IMG_2440.jpg\"><img loading=\"lazy\" decoding=\"async\" class=\"size-medium wp-image-21255 alignleft\" src=\"http:\/\/www.constantinianorder.net\/wp-content\/uploads\/2016\/06\/IMG_2440-169x300.jpg\" alt=\"IMG_2440\" width=\"169\" height=\"300\" \/><\/a><\/p>\n","protected":false},"excerpt":{"rendered":"<p>Juin \u2013 La D\u00e9l\u00e9gation de Milan et Lombardie soutient le projet \u201cLa faim de notre voisin\u201d, fortement voulu par le Grand Ma\u00eetre, S.A.R. le Prince Charles de Bourbon des Deux-Siciles, qui concerne non seulement l\u2019aspect alimentaire, mais l\u2019ensemble des besoins de la vie de chacun de nous. C&rsquo;est pour cette raison que la D\u00e9l\u00e9gation a [&hellip;]<\/p>\n","protected":false},"author":1,"featured_media":0,"comment_status":"closed","ping_status":"open","sticky":false,"template":"","format":"standard","meta":{"footnotes":""},"categories":[150],"tags":[],"class_list":["post-21390","post","type-post","status-publish","format-standard","hentry","category-delegation-of-lombardy"],"_links":{"self":[{"href":"https:\/\/svil.constantinianorder.com\/fr\/wp-json\/wp\/v2\/posts\/21390","targetHints":{"allow":["GET"]}}],"collection":[{"href":"https:\/\/svil.constantinianorder.com\/fr\/wp-json\/wp\/v2\/posts"}],"about":[{"href":"https:\/\/svil.constantinianorder.com\/fr\/wp-json\/wp\/v2\/types\/post"}],"author":[{"embeddable":true,"href":"https:\/\/svil.constantinianorder.com\/fr\/wp-json\/wp\/v2\/users\/1"}],"replies":[{"embeddable":true,"href":"https:\/\/svil.constantinianorder.com\/fr\/wp-json\/wp\/v2\/comments?post=21390"}],"version-history":[{"count":1,"href":"https:\/\/svil.constantinianorder.com\/fr\/wp-json\/wp\/v2\/posts\/21390\/revisions"}],"predecessor-version":[{"id":59756,"href":"https:\/\/svil.constantinianorder.com\/fr\/wp-json\/wp\/v2\/posts\/21390\/revisions\/59756"}],"wp:attachment":[{"href":"https:\/\/svil.constantinianorder.com\/fr\/wp-json\/wp\/v2\/media?parent=21390"}],"wp:term":[{"taxonomy":"category","embeddable":true,"href":"https:\/\/svil.constantinianorder.com\/fr\/wp-json\/wp\/v2\/categories?post=21390"},{"taxonomy":"post_tag","embeddable":true,"href":"https:\/\/svil.constantinianorder.com\/fr\/wp-json\/wp\/v2\/tags?post=21390"}],"curies":[{"name":"wp","href":"https:\/\/api.w.org\/{rel}","templated":true}]}}