{"id":21415,"date":"2016-06-08T16:22:18","date_gmt":"2016-06-08T16:22:18","guid":{"rendered":"http:\/\/www.constantinianorder.net\/?p=21415"},"modified":"2026-01-16T15:39:28","modified_gmt":"2026-01-16T15:39:28","slug":"reggio-calabria-congres-bienheureuse-marie-christine-4-juin-2016","status":"publish","type":"post","link":"https:\/\/svil.constantinianorder.com\/fr\/reggio-calabria-congres-bienheureuse-marie-christine-4-juin-2016\/","title":{"rendered":"REGGIO CALABRIA \u2013 CONGR\u00c8S BIENHEUREUSE MARIE CHRISTINE \u2013 4 JUIN 2016"},"content":{"rendered":"<p style=\"text-align: justify;\"><strong><a href=\"http:\/\/www.constantinianorder.net\/wp-content\/uploads\/2016\/06\/DSC_0067.jpg\"><img loading=\"lazy\" decoding=\"async\" class=\"size-medium wp-image-21193 alignleft\" src=\"http:\/\/www.constantinianorder.net\/wp-content\/uploads\/2016\/06\/DSC_0067-300x200.jpg\" alt=\"DSC_0067\" width=\"300\" height=\"200\" \/><\/a>Reggio Calabria<\/strong> \u2013 4 juin 2016. Aupr\u00e8s de l\u2019\u00c9glise de San Giorgio al Corso a eu lieu un congr\u00e8s dont le titre est: \u201cLa Bienheureuse Marie-Christine: M\u00e8re, Reine, Sainte\u201d, promu par la D\u00e9l\u00e9gation Calabre.<br \/>\nApr\u00e8s l\u2019introduction par les soins du D\u00e9l\u00e9gu\u00e9 Vicaire, Dott. Aurelio Badolati, Commandeur de M\u00e9rite avec Plaque, le Dott. Emanuele Nazario Scarlata, Chevalier de M\u00e9rite et Repr\u00e9sentant pour la Ville de Reggio Calabria, et la Professeure Maria Teresa Battiato Baccellieri, Pr\u00e9sident du Reggio Calabria Congr\u00e8s de Culture Marie Christine de Savoie, \u00e0 exposer et \u00e0 esquisser l&rsquo;image de la derni\u00e8re reine du R\u00e8gne des Deux-Siciles, une souveraine qui se fit aimer tout de suite pour ses fr\u00e9quents actes de charit\u00e9 et de g\u00e9n\u00e9rosit\u00e9 envers les pauvres, pour son style de vie simple, pour l\u2019exemplarit\u00e9 de sa conduite religieuse, tant qu&rsquo;elle a \u00e9t\u00e9 acclam\u00e9e par la court et par le peuple comme \u201cPetite Reine Sainte\u201d. \u00c0 l\u2019\u00e9v\u00e9nement, qui a remport\u00e9 un grand succ\u00e8s, a suivi une Sainte Messe conc\u00e9l\u00e9br\u00e9e par Monseigneur Antonio Morabito, Prieur de la D\u00e9l\u00e9gation, et par l&rsquo;Abb\u00e9 Nuccio Santoro, Cur\u00e9 de la m\u00eame \u00c9glise de Saint-Georges.<\/p>\n<p style=\"text-align: justify;\"><!--more--><\/p>\n<p style=\"text-align: justify;\"><a href=\"http:\/\/www.constantinianorder.net\/wp-content\/uploads\/2016\/06\/DSC_0159.jpg\"><img loading=\"lazy\" decoding=\"async\" class=\"size-medium wp-image-21195 alignleft\" src=\"http:\/\/www.constantinianorder.net\/wp-content\/uploads\/2016\/06\/DSC_0159-300x200.jpg\" alt=\"DSC_0159\" width=\"300\" height=\"200\" \/><\/a> <a href=\"http:\/\/www.constantinianorder.net\/wp-content\/uploads\/2016\/06\/DSC_0107.jpg\"><img loading=\"lazy\" decoding=\"async\" class=\"size-medium wp-image-21194 alignleft\" src=\"http:\/\/www.constantinianorder.net\/wp-content\/uploads\/2016\/06\/DSC_0107-300x210.jpg\" alt=\"DSC_0107\" width=\"300\" height=\"210\" \/><\/a><\/p>\n","protected":false},"excerpt":{"rendered":"<p>Reggio Calabria \u2013 4 juin 2016. Aupr\u00e8s de l\u2019\u00c9glise de San Giorgio al Corso a eu lieu un congr\u00e8s dont le titre est: \u201cLa Bienheureuse Marie-Christine: M\u00e8re, Reine, Sainte\u201d, promu par la D\u00e9l\u00e9gation Calabre. Apr\u00e8s l\u2019introduction par les soins du D\u00e9l\u00e9gu\u00e9 Vicaire, Dott. Aurelio Badolati, Commandeur de M\u00e9rite avec Plaque, le Dott. Emanuele Nazario Scarlata, [&hellip;]<\/p>\n","protected":false},"author":1,"featured_media":0,"comment_status":"closed","ping_status":"open","sticky":false,"template":"","format":"standard","meta":{"footnotes":""},"categories":[160],"tags":[],"class_list":["post-21415","post","type-post","status-publish","format-standard","hentry","category-delegation-de-la-calabre"],"_links":{"self":[{"href":"https:\/\/svil.constantinianorder.com\/fr\/wp-json\/wp\/v2\/posts\/21415","targetHints":{"allow":["GET"]}}],"collection":[{"href":"https:\/\/svil.constantinianorder.com\/fr\/wp-json\/wp\/v2\/posts"}],"about":[{"href":"https:\/\/svil.constantinianorder.com\/fr\/wp-json\/wp\/v2\/types\/post"}],"author":[{"embeddable":true,"href":"https:\/\/svil.constantinianorder.com\/fr\/wp-json\/wp\/v2\/users\/1"}],"replies":[{"embeddable":true,"href":"https:\/\/svil.constantinianorder.com\/fr\/wp-json\/wp\/v2\/comments?post=21415"}],"version-history":[{"count":1,"href":"https:\/\/svil.constantinianorder.com\/fr\/wp-json\/wp\/v2\/posts\/21415\/revisions"}],"predecessor-version":[{"id":59724,"href":"https:\/\/svil.constantinianorder.com\/fr\/wp-json\/wp\/v2\/posts\/21415\/revisions\/59724"}],"wp:attachment":[{"href":"https:\/\/svil.constantinianorder.com\/fr\/wp-json\/wp\/v2\/media?parent=21415"}],"wp:term":[{"taxonomy":"category","embeddable":true,"href":"https:\/\/svil.constantinianorder.com\/fr\/wp-json\/wp\/v2\/categories?post=21415"},{"taxonomy":"post_tag","embeddable":true,"href":"https:\/\/svil.constantinianorder.com\/fr\/wp-json\/wp\/v2\/tags?post=21415"}],"curies":[{"name":"wp","href":"https:\/\/api.w.org\/{rel}","templated":true}]}}