{"id":21419,"date":"2016-05-31T12:29:33","date_gmt":"2016-05-31T12:29:33","guid":{"rendered":"http:\/\/www.constantinianorder.net\/?p=21419"},"modified":"2026-01-16T15:39:19","modified_gmt":"2026-01-16T15:39:19","slug":"brescia-26-mai-corpus-domini","status":"publish","type":"post","link":"https:\/\/svil.constantinianorder.com\/fr\/brescia-26-mai-corpus-domini\/","title":{"rendered":"BRESCIA, 26 MAI: CORPUS DOMINI"},"content":{"rendered":"<p><strong><a href=\"http:\/\/www.constantinianorder.net\/wp-content\/uploads\/2016\/05\/IMG-20160526-WA0010.jpg\"><img loading=\"lazy\" decoding=\"async\" class=\"size-medium wp-image-21143 alignleft\" src=\"http:\/\/www.constantinianorder.net\/wp-content\/uploads\/2016\/05\/IMG-20160526-WA0010-300x225.jpg\" alt=\"IMG-20160526-WA0010\" width=\"300\" height=\"225\" \/><\/a>Brescia<\/strong>, 26 mai 2016 Solennit\u00e9 du Corpus Domini. Depuis 2012 une repr\u00e9sentation de Chevaliers et Dames de la Repr\u00e9sentation de Bergamo et Brescia participe, sur invitation de la Dioc\u00e8se, \u00e0 la Procession citadine du Corpus Domini. La Repr\u00e9sentation \u00e9tait guid\u00e9e par la Comtesse Marina Scardi Coppola de Almanza, Dame de Gr\u00e2ce, et par Monseigneur Mario Piccinelli, Chevalier de Gr\u00e2ce Eccl\u00e9siastique, recteur du Sanctuaire marial dioc\u00e9sain et Vice Postulateur de la Cause de canonisation du Pape Paul VI.<\/p>\n<p>&nbsp;<\/p>\n<p>&nbsp;<\/p>\n<p><!--more--><\/p>\n<p><a href=\"http:\/\/www.constantinianorder.net\/wp-content\/uploads\/2016\/05\/IMG-20160527-WA0007.jpg\"><img loading=\"lazy\" decoding=\"async\" class=\"size-medium wp-image-21144 alignleft\" src=\"http:\/\/www.constantinianorder.net\/wp-content\/uploads\/2016\/05\/IMG-20160527-WA0007-300x225.jpg\" alt=\"IMG-20160527-WA0007\" width=\"300\" height=\"225\" \/><\/a><\/p>\n","protected":false},"excerpt":{"rendered":"<p>Brescia, 26 mai 2016 Solennit\u00e9 du Corpus Domini. Depuis 2012 une repr\u00e9sentation de Chevaliers et Dames de la Repr\u00e9sentation de Bergamo et Brescia participe, sur invitation de la Dioc\u00e8se, \u00e0 la Procession citadine du Corpus Domini. La Repr\u00e9sentation \u00e9tait guid\u00e9e par la Comtesse Marina Scardi Coppola de Almanza, Dame de Gr\u00e2ce, et par Monseigneur Mario [&hellip;]<\/p>\n","protected":false},"author":1,"featured_media":0,"comment_status":"closed","ping_status":"open","sticky":false,"template":"","format":"standard","meta":{"footnotes":""},"categories":[152],"tags":[],"class_list":["post-21419","post","type-post","status-publish","format-standard","hentry","category-delegation-de-lombardie"],"_links":{"self":[{"href":"https:\/\/svil.constantinianorder.com\/fr\/wp-json\/wp\/v2\/posts\/21419","targetHints":{"allow":["GET"]}}],"collection":[{"href":"https:\/\/svil.constantinianorder.com\/fr\/wp-json\/wp\/v2\/posts"}],"about":[{"href":"https:\/\/svil.constantinianorder.com\/fr\/wp-json\/wp\/v2\/types\/post"}],"author":[{"embeddable":true,"href":"https:\/\/svil.constantinianorder.com\/fr\/wp-json\/wp\/v2\/users\/1"}],"replies":[{"embeddable":true,"href":"https:\/\/svil.constantinianorder.com\/fr\/wp-json\/wp\/v2\/comments?post=21419"}],"version-history":[{"count":1,"href":"https:\/\/svil.constantinianorder.com\/fr\/wp-json\/wp\/v2\/posts\/21419\/revisions"}],"predecessor-version":[{"id":59710,"href":"https:\/\/svil.constantinianorder.com\/fr\/wp-json\/wp\/v2\/posts\/21419\/revisions\/59710"}],"wp:attachment":[{"href":"https:\/\/svil.constantinianorder.com\/fr\/wp-json\/wp\/v2\/media?parent=21419"}],"wp:term":[{"taxonomy":"category","embeddable":true,"href":"https:\/\/svil.constantinianorder.com\/fr\/wp-json\/wp\/v2\/categories?post=21419"},{"taxonomy":"post_tag","embeddable":true,"href":"https:\/\/svil.constantinianorder.com\/fr\/wp-json\/wp\/v2\/tags?post=21419"}],"curies":[{"name":"wp","href":"https:\/\/api.w.org\/{rel}","templated":true}]}}