{"id":22357,"date":"2017-01-04T14:56:34","date_gmt":"2017-01-04T14:56:34","guid":{"rendered":"http:\/\/www.constantinianorder.net\/?p=22357"},"modified":"2026-01-15T17:51:30","modified_gmt":"2026-01-15T17:51:30","slug":"locri-conference-culturelle-de-la-delegation-de-calabre","status":"publish","type":"post","link":"https:\/\/svil.constantinianorder.com\/fr\/locri-conference-culturelle-de-la-delegation-de-calabre\/","title":{"rendered":"LOCRI &#8211; CONFERENCE CULTURELLE DE LA D\u00c9L\u00c9GATION DE CALABRE"},"content":{"rendered":"<p><img loading=\"lazy\" decoding=\"async\" class=\"alignleft wp-image-22084\" src=\"http:\/\/constantinianorder.net\/wp-content\/uploads\/2017\/01\/1.Relatori-300x180.jpeg\" alt=\"1-relatori\" width=\"283\" height=\"170\" \/><strong>Locri<\/strong>, 1er Janvier 2016. Parmi les activit\u00e9s culturelles de la D\u00e9l\u00e9gation de la Calabre et en accord avec l&rsquo;Association des Deux-Siciles, s\u2019est tenue la pr\u00e9sentation d\u2019un essai de Teodoro Salzillo au S\u00e9minaire \u00e9piscopal de Locri : \u00ab\u00a0Rome et les mensonges parlementaires des chambres communales de Londres et Turin\u00a0\u00bb.<br \/>\nLe texte, r\u00e9v\u00e9l\u00e9 \u00e0 la presse pour la premi\u00e8re fois en 1863, regroupe des discours tenus aux parlements de Turin et Londres \u00e0 l\u2019aube de l\u2019unit\u00e9 italienne. Le Roi Fran\u00e7ois II, jeune souverain en exil \u00e0 Rome, est au c\u0153ur du r\u00e9cit.<br \/>\nAvec une consid\u00e9rable participation de Chevaliers, Dames et b\u00e9n\u00e9voles de la D\u00e9l\u00e9gation, le public fut nombreux.<br \/>\nEn comm\u00e9moration du 122\u00b0 anniversaire de la mort du dernier Roi des Deux-Siciles, une Sainte Messe fut prononc\u00e9e dans la chapelle du s\u00e9minaire pour le repos de S.M. Fran\u00e7ois II de Bourbon et pour les tomb\u00e9s du Royaume des Deux-Siciles. Elle fut pr\u00e9sid\u00e9e par le Recteur, Don Nicola Commisso Meleca.<\/p>\n<p><!--more--><\/p>\n<p><img loading=\"lazy\" decoding=\"async\" class=\"alignleft size-medium wp-image-22085\" src=\"http:\/\/constantinianorder.net\/wp-content\/uploads\/2017\/01\/11.Messa3_-300x168.jpg\" alt=\"11-messa3\" width=\"300\" height=\"168\" \/><\/p>\n","protected":false},"excerpt":{"rendered":"<p>Locri, 1er Janvier 2016. Parmi les activit\u00e9s culturelles de la D\u00e9l\u00e9gation de la Calabre et en accord avec l&rsquo;Association des Deux-Siciles, s\u2019est tenue la pr\u00e9sentation d\u2019un essai de Teodoro Salzillo au S\u00e9minaire \u00e9piscopal de Locri : \u00ab\u00a0Rome et les mensonges parlementaires des chambres communales de Londres et Turin\u00a0\u00bb. Le texte, r\u00e9v\u00e9l\u00e9 \u00e0 la presse pour [&hellip;]<\/p>\n","protected":false},"author":1,"featured_media":0,"comment_status":"closed","ping_status":"open","sticky":false,"template":"","format":"standard","meta":{"footnotes":""},"categories":[160],"tags":[],"class_list":["post-22357","post","type-post","status-publish","format-standard","hentry","category-delegation-de-la-calabre"],"_links":{"self":[{"href":"https:\/\/svil.constantinianorder.com\/fr\/wp-json\/wp\/v2\/posts\/22357","targetHints":{"allow":["GET"]}}],"collection":[{"href":"https:\/\/svil.constantinianorder.com\/fr\/wp-json\/wp\/v2\/posts"}],"about":[{"href":"https:\/\/svil.constantinianorder.com\/fr\/wp-json\/wp\/v2\/types\/post"}],"author":[{"embeddable":true,"href":"https:\/\/svil.constantinianorder.com\/fr\/wp-json\/wp\/v2\/users\/1"}],"replies":[{"embeddable":true,"href":"https:\/\/svil.constantinianorder.com\/fr\/wp-json\/wp\/v2\/comments?post=22357"}],"version-history":[{"count":1,"href":"https:\/\/svil.constantinianorder.com\/fr\/wp-json\/wp\/v2\/posts\/22357\/revisions"}],"predecessor-version":[{"id":58922,"href":"https:\/\/svil.constantinianorder.com\/fr\/wp-json\/wp\/v2\/posts\/22357\/revisions\/58922"}],"wp:attachment":[{"href":"https:\/\/svil.constantinianorder.com\/fr\/wp-json\/wp\/v2\/media?parent=22357"}],"wp:term":[{"taxonomy":"category","embeddable":true,"href":"https:\/\/svil.constantinianorder.com\/fr\/wp-json\/wp\/v2\/categories?post=22357"},{"taxonomy":"post_tag","embeddable":true,"href":"https:\/\/svil.constantinianorder.com\/fr\/wp-json\/wp\/v2\/tags?post=22357"}],"curies":[{"name":"wp","href":"https:\/\/api.w.org\/{rel}","templated":true}]}}