{"id":22359,"date":"2017-01-02T14:24:34","date_gmt":"2017-01-02T14:24:34","guid":{"rendered":"http:\/\/www.constantinianorder.net\/?p=22359"},"modified":"2026-01-15T17:51:29","modified_gmt":"2026-01-15T17:51:29","slug":"palerme-messe-de-noel-et-repas-de-solidarite","status":"publish","type":"post","link":"https:\/\/svil.constantinianorder.com\/fr\/palerme-messe-de-noel-et-repas-de-solidarite\/","title":{"rendered":"PALERME &#8211; MESSE DE NOEL ET REPAS DE SOLIDARITE"},"content":{"rendered":"<p><img loading=\"lazy\" decoding=\"async\" class=\"alignleft size-medium wp-image-22068\" src=\"http:\/\/constantinianorder.net\/wp-content\/uploads\/2017\/01\/14-300x225.jpg\" alt=\"14\" width=\"300\" height=\"225\" \/><strong>Palerme, le 23 d\u00e9cembre 2016<\/strong>.<br \/>\nUne Sainte Messe fut prononc\u00e9e dans la basilique Constantinienne \u00ab La Magione \u00bb pour les Chevaliers et Dames de l\u2019Ordre constantinien de la Sicile. S.E. Salvatore Grimaldi, pasteur et chapelain, a rappel\u00e9 durant la c\u00e9l\u00e9bration les multiples activit\u00e9s et implications des Chevaliers dans toute la r\u00e9gion.<\/p>\n<p>Un concert de musique classique a suivi la messe, le c\u0153ur des \u201cSolisti Operalaboratorio\u201d a interpr\u00e9t\u00e9 des chants de noel et des \u00ab Ave Maria \u00bb de diff\u00e9rents auteurs. Le b\u00e9n\u00e9fice du d\u00e9jeuner qui a suivi permettra d\u2019aider les pauvres de la paroisse.<\/p>\n<p>Le 25 du meme mois, en pr\u00e9sence du maire de Monreale M. Capizzi, les Chevaliers et Dames ont offert et servi, comme chaque ann\u00e9e, le repas de No\u00ebl aux personnes \u00e2g\u00e9es de l\u2019\u0153uvre \u00ab Pia di Monreale \u00bb.<\/p>\n<p>La journ\u00e9e fut dirig\u00e9e par le Vice D\u00e9l\u00e9gu\u00e9 Antonio di Janni, Chevalier de Grand-Croix de Gr\u00e2ce.<\/p>\n<p><!--more--><\/p>\n<p><img loading=\"lazy\" decoding=\"async\" class=\"size-medium wp-image-22069 alignleft\" src=\"http:\/\/constantinianorder.net\/wp-content\/uploads\/2017\/01\/1-235x300.jpg\" alt=\"??????????\" width=\"235\" height=\"300\" \/><\/p>\n<p><img loading=\"lazy\" decoding=\"async\" class=\"size-medium wp-image-22070 alignleft\" src=\"http:\/\/constantinianorder.net\/wp-content\/uploads\/2017\/01\/4-300x167.jpg\" alt=\"4\" width=\"300\" height=\"167\" \/><\/p>\n<p>&nbsp;<\/p>\n<p>&nbsp;<\/p>\n<p>&nbsp;<\/p>\n<p>&nbsp;<\/p>\n<p>&nbsp;<\/p>\n<p>&nbsp;<\/p>\n<p>&nbsp;<\/p>\n<p>&nbsp;<\/p>\n<p>&nbsp;<\/p>\n<p><!--more--><\/p>\n<p><img loading=\"lazy\" decoding=\"async\" class=\"alignleft size-medium wp-image-22071\" src=\"http:\/\/constantinianorder.net\/wp-content\/uploads\/2017\/01\/IMG_9529-300x225.jpg\" alt=\"img_9529\" width=\"300\" height=\"225\" \/> <img loading=\"lazy\" decoding=\"async\" class=\"alignleft size-medium wp-image-22072\" src=\"http:\/\/constantinianorder.net\/wp-content\/uploads\/2017\/01\/IMG-20161224-WA0016-300x225.jpg\" alt=\"img-20161224-wa0016\" width=\"300\" height=\"225\" \/><\/p>\n","protected":false},"excerpt":{"rendered":"<p>Palerme, le 23 d\u00e9cembre 2016. Une Sainte Messe fut prononc\u00e9e dans la basilique Constantinienne \u00ab La Magione \u00bb pour les Chevaliers et Dames de l\u2019Ordre constantinien de la Sicile. S.E. Salvatore Grimaldi, pasteur et chapelain, a rappel\u00e9 durant la c\u00e9l\u00e9bration les multiples activit\u00e9s et implications des Chevaliers dans toute la r\u00e9gion. Un concert de musique [&hellip;]<\/p>\n","protected":false},"author":1,"featured_media":0,"comment_status":"closed","ping_status":"open","sticky":false,"template":"","format":"standard","meta":{"footnotes":""},"categories":[166],"tags":[],"class_list":["post-22359","post","type-post","status-publish","format-standard","hentry","category-delegation-de-la-sicile"],"_links":{"self":[{"href":"https:\/\/svil.constantinianorder.com\/fr\/wp-json\/wp\/v2\/posts\/22359","targetHints":{"allow":["GET"]}}],"collection":[{"href":"https:\/\/svil.constantinianorder.com\/fr\/wp-json\/wp\/v2\/posts"}],"about":[{"href":"https:\/\/svil.constantinianorder.com\/fr\/wp-json\/wp\/v2\/types\/post"}],"author":[{"embeddable":true,"href":"https:\/\/svil.constantinianorder.com\/fr\/wp-json\/wp\/v2\/users\/1"}],"replies":[{"embeddable":true,"href":"https:\/\/svil.constantinianorder.com\/fr\/wp-json\/wp\/v2\/comments?post=22359"}],"version-history":[{"count":1,"href":"https:\/\/svil.constantinianorder.com\/fr\/wp-json\/wp\/v2\/posts\/22359\/revisions"}],"predecessor-version":[{"id":58918,"href":"https:\/\/svil.constantinianorder.com\/fr\/wp-json\/wp\/v2\/posts\/22359\/revisions\/58918"}],"wp:attachment":[{"href":"https:\/\/svil.constantinianorder.com\/fr\/wp-json\/wp\/v2\/media?parent=22359"}],"wp:term":[{"taxonomy":"category","embeddable":true,"href":"https:\/\/svil.constantinianorder.com\/fr\/wp-json\/wp\/v2\/categories?post=22359"},{"taxonomy":"post_tag","embeddable":true,"href":"https:\/\/svil.constantinianorder.com\/fr\/wp-json\/wp\/v2\/tags?post=22359"}],"curies":[{"name":"wp","href":"https:\/\/api.w.org\/{rel}","templated":true}]}}