{"id":22993,"date":"2017-03-20T11:30:32","date_gmt":"2017-03-20T11:30:32","guid":{"rendered":"http:\/\/www.constantinianorder.net\/?p=22993"},"modified":"2026-01-15T17:52:15","modified_gmt":"2026-01-15T17:52:15","slug":"sicile-19-mars-2017-briciole-di-salute-a-barrafranca-et-dejeuner-de-solidarite-a-monreale-et-a-catane","status":"publish","type":"post","link":"https:\/\/svil.constantinianorder.com\/fr\/sicile-19-mars-2017-briciole-di-salute-a-barrafranca-et-dejeuner-de-solidarite-a-monreale-et-a-catane\/","title":{"rendered":"SICILE, 19 MARS 2017 \u201cBRICIOLE DI SALUTE\u201d A BARRAFRANCA ET DEJEUNER DE SOLIDARITE A MONREALE ET A CATANE"},"content":{"rendered":"<p><img loading=\"lazy\" decoding=\"async\" class=\"alignleft size-medium wp-image-22814\" src=\"http:\/\/constantinianorder.net\/wp-content\/uploads\/2017\/03\/4-300x225.jpg\" alt=\"4\" width=\"300\" height=\"225\" \/>Enna, Palerme et Catane, le 19 mars 2017 \u2013 Cette ann\u00e9e aussi, \u00e0 l\u2019occasion de la f\u00eate de St Joseph, la communaut\u00e9 de Barrafranca (EN) s\u2019est r\u00e9unie pour perp\u00e9trer une ancienne tradition: \u201c la tavolata della solidariet\u00e0\u201d.<br \/>\nDes aliments de longue conservation et des biens de premi\u00e8re n\u00e9cessit\u00e9, destin\u00e9s aux familles n\u00e9cessiteuses de la ville, sont r\u00e9colt\u00e9s au si\u00e8ge de la confraternit\u00e9 du \u201cSS Crocifisso della chiesa Madre\u201c. Cette ann\u00e9e, ce rendez-vous a vu la participation des Chevaliers de l\u2019Ordre Sacr\u00e9 et Militaire Constantinien de Saint Georges en faveur des personnes les plus d\u00e9munies, avec la donation d\u2019aliments et de biens de premi\u00e8re n\u00e9cessit\u00e9 dans le cadre du projet \u201cBriciole di Salute\u201d.<br \/>\nAu cours de la m\u00eame journ\u00e9e, le Vice-d\u00e9l\u00e9gu\u00e9, ainsi que Son Excellence R\u00e9v\u00e9rendissime, Mgr Pennisi, et quelques Chevaliers et Dames, ont servi les repas aux pensionnaires de l\u2019hospice de Monreale, aid\u00e9 dans cette t\u00e2che par Mr\u00a0Viola, Pr\u00e9sident de l\u2019\u0153uvre pie.<br \/>\nEn m\u00eame temps, \u00e0 Catane, un groupe de Chevaliers, de Dames et de volontaires de l\u2019Ordre, dirig\u00e9s par Don Giuseppe Scrivano, Chevalier de gr\u00e2ce eccl\u00e9siastique et aum\u00f4nier constantinien, a particip\u00e9 \u00e0 la \u201cJourn\u00e9e de la solidarit\u00e9, de l\u2019altruisme et de la communion chr\u00e9tienne\u201d, organis\u00e9e dans la paroisse de San Francesco di Paola. Un grand repas de solidarit\u00e9 a \u00e9t\u00e9 pr\u00e9par\u00e9 en faveur de plus de 200 personnes qui vivent dans des conditions pr\u00e9caires. Les volontaires et les convives ont partag\u00e9 les plats savoureux qui ont \u00e9t\u00e9 pr\u00e9par\u00e9s, parmi lesquels le \u201cmaccu\u201d traditionnel, dans une ambiance chaleureuse et harmonieuse.<\/p>\n<p><!--more--><\/p>\n<table>\n<tbody>\n<tr>\n<td><img loading=\"lazy\" decoding=\"async\" class=\"alignleft size-medium wp-image-22813\" src=\"http:\/\/constantinianorder.net\/wp-content\/uploads\/2017\/03\/1-300x225.jpg\" alt=\"1\" width=\"300\" height=\"225\" \/><img loading=\"lazy\" decoding=\"async\" class=\"alignleft size-medium wp-image-22815\" src=\"http:\/\/constantinianorder.net\/wp-content\/uploads\/2017\/03\/5-300x225.jpg\" alt=\"5\" width=\"300\" height=\"225\" \/><\/td>\n<\/tr>\n<tr>\n<td><img loading=\"lazy\" decoding=\"async\" class=\"alignleft size-medium wp-image-22816\" src=\"http:\/\/constantinianorder.net\/wp-content\/uploads\/2017\/03\/IMG-20170317-WA0003-300x169.jpg\" alt=\"IMG-20170317-WA0003\" width=\"300\" height=\"169\" \/><\/td>\n<\/tr>\n<tr>\n<td>\u00a0<img loading=\"lazy\" decoding=\"async\" class=\"wp-image-22918 alignleft\" src=\"http:\/\/constantinianorder.net\/wp-content\/uploads\/2017\/03\/FullSizeRender-6-300x175.jpg\" alt=\"FullSizeRender (6)\" width=\"360\" height=\"210\" \/><img loading=\"lazy\" decoding=\"async\" class=\"alignleft wp-image-22919\" src=\"http:\/\/constantinianorder.net\/wp-content\/uploads\/2017\/03\/FullSizeRender-5-300x300.jpg\" alt=\"FullSizeRender (5)\" width=\"211\" height=\"210\" \/><\/td>\n<\/tr>\n<\/tbody>\n<\/table>\n","protected":false},"excerpt":{"rendered":"<p>Enna, Palerme et Catane, le 19 mars 2017 \u2013 Cette ann\u00e9e aussi, \u00e0 l\u2019occasion de la f\u00eate de St Joseph, la communaut\u00e9 de Barrafranca (EN) s\u2019est r\u00e9unie pour perp\u00e9trer une ancienne tradition: \u201c la tavolata della solidariet\u00e0\u201d. Des aliments de longue conservation et des biens de premi\u00e8re n\u00e9cessit\u00e9, destin\u00e9s aux familles n\u00e9cessiteuses de la ville, [&hellip;]<\/p>\n","protected":false},"author":1,"featured_media":0,"comment_status":"closed","ping_status":"open","sticky":false,"template":"","format":"standard","meta":{"footnotes":""},"categories":[166],"tags":[],"class_list":["post-22993","post","type-post","status-publish","format-standard","hentry","category-delegation-de-la-sicile"],"_links":{"self":[{"href":"https:\/\/svil.constantinianorder.com\/fr\/wp-json\/wp\/v2\/posts\/22993","targetHints":{"allow":["GET"]}}],"collection":[{"href":"https:\/\/svil.constantinianorder.com\/fr\/wp-json\/wp\/v2\/posts"}],"about":[{"href":"https:\/\/svil.constantinianorder.com\/fr\/wp-json\/wp\/v2\/types\/post"}],"author":[{"embeddable":true,"href":"https:\/\/svil.constantinianorder.com\/fr\/wp-json\/wp\/v2\/users\/1"}],"replies":[{"embeddable":true,"href":"https:\/\/svil.constantinianorder.com\/fr\/wp-json\/wp\/v2\/comments?post=22993"}],"version-history":[{"count":1,"href":"https:\/\/svil.constantinianorder.com\/fr\/wp-json\/wp\/v2\/posts\/22993\/revisions"}],"predecessor-version":[{"id":59038,"href":"https:\/\/svil.constantinianorder.com\/fr\/wp-json\/wp\/v2\/posts\/22993\/revisions\/59038"}],"wp:attachment":[{"href":"https:\/\/svil.constantinianorder.com\/fr\/wp-json\/wp\/v2\/media?parent=22993"}],"wp:term":[{"taxonomy":"category","embeddable":true,"href":"https:\/\/svil.constantinianorder.com\/fr\/wp-json\/wp\/v2\/categories?post=22993"},{"taxonomy":"post_tag","embeddable":true,"href":"https:\/\/svil.constantinianorder.com\/fr\/wp-json\/wp\/v2\/tags?post=22993"}],"curies":[{"name":"wp","href":"https:\/\/api.w.org\/{rel}","templated":true}]}}