{"id":23071,"date":"2017-03-24T12:56:18","date_gmt":"2017-03-24T12:56:18","guid":{"rendered":"http:\/\/www.constantinianorder.net\/?p=23071"},"modified":"2026-01-15T17:52:21","modified_gmt":"2026-01-15T17:52:21","slug":"briciole-di-salute-a-s-mamiliano-a-palerme","status":"publish","type":"post","link":"https:\/\/svil.constantinianorder.com\/fr\/briciole-di-salute-a-s-mamiliano-a-palerme\/","title":{"rendered":"BRICIOLE DI SALUTE A S. MAMILIANO A PALERME"},"content":{"rendered":"<p><strong><img loading=\"lazy\" decoding=\"async\" class=\"alignleft wp-image-22925 size-medium\" src=\"http:\/\/constantinianorder.net\/wp-content\/uploads\/2017\/03\/il-delegato-vicario-con-una-volontaria-del-centro-300x225.jpg\" alt=\"il delegato vicario con una volontaria del centro\" width=\"300\" height=\"225\" \/><\/strong><\/p>\n<p><strong>Palerme, le 20 mars 2017<\/strong>. L\u2019initiative \u201cBriciole di Salute\u201d peut compter sur un nouveau point de distribution. Pour r\u00e9pondre aux nombreuses communications provenant du dioc\u00e8se, le Vice-d\u00e9l\u00e9gu\u00e9 M. Antonio di Janni a aussi ins\u00e9r\u00e9 la paroisse de San Mamiliano \u00e0 Palerme\u00a0 parmi la liste des points de distribution mensuelle de produits pour la petite enfance \u2013 aliments homog\u00e9n\u00e9is\u00e9s, langes, lait, etc.<\/p>\n<p>La r\u00e9union avec le cur\u00e9 de la paroisse, Don Bucaro, a \u00e9t\u00e9 tr\u00e8s fructueuse et a permis d\u2019entamer une nouvelle collaboration avec les Chevaliers et les Dames palermitains qui aideront les volontaires de la paroisse au sein de laquelle un service de distribution quotidien de plats pr\u00e9par\u00e9s \u00e0 emporter a \u00e9t\u00e9 mis au point. Ce projet permet aux familles besogneuses de manger \u00e0 la maison sans devoir se retrouver dans une salle commune, en aidant ainsi \u00e0 conserver l\u2019union familiale. Les fournitures hebdomadaires comprennent de la viande, du poisson et du lait.<\/p>\n<p><strong>\u00a0<\/strong><\/p>\n<p><!--more--><\/p>\n<p><img loading=\"lazy\" decoding=\"async\" class=\"alignleft wp-image-22938 size-medium\" src=\"http:\/\/constantinianorder.net\/wp-content\/uploads\/2017\/03\/FullSizeRender-2-240x300.jpg\" width=\"240\" height=\"300\" \/><\/p>\n","protected":false},"excerpt":{"rendered":"<p>Palerme, le 20 mars 2017. L\u2019initiative \u201cBriciole di Salute\u201d peut compter sur un nouveau point de distribution. Pour r\u00e9pondre aux nombreuses communications provenant du dioc\u00e8se, le Vice-d\u00e9l\u00e9gu\u00e9 M. Antonio di Janni a aussi ins\u00e9r\u00e9 la paroisse de San Mamiliano \u00e0 Palerme\u00a0 parmi la liste des points de distribution mensuelle de produits pour la petite enfance [&hellip;]<\/p>\n","protected":false},"author":1,"featured_media":0,"comment_status":"closed","ping_status":"open","sticky":false,"template":"","format":"standard","meta":{"footnotes":""},"categories":[166],"tags":[],"class_list":["post-23071","post","type-post","status-publish","format-standard","hentry","category-delegation-de-la-sicile"],"_links":{"self":[{"href":"https:\/\/svil.constantinianorder.com\/fr\/wp-json\/wp\/v2\/posts\/23071","targetHints":{"allow":["GET"]}}],"collection":[{"href":"https:\/\/svil.constantinianorder.com\/fr\/wp-json\/wp\/v2\/posts"}],"about":[{"href":"https:\/\/svil.constantinianorder.com\/fr\/wp-json\/wp\/v2\/types\/post"}],"author":[{"embeddable":true,"href":"https:\/\/svil.constantinianorder.com\/fr\/wp-json\/wp\/v2\/users\/1"}],"replies":[{"embeddable":true,"href":"https:\/\/svil.constantinianorder.com\/fr\/wp-json\/wp\/v2\/comments?post=23071"}],"version-history":[{"count":1,"href":"https:\/\/svil.constantinianorder.com\/fr\/wp-json\/wp\/v2\/posts\/23071\/revisions"}],"predecessor-version":[{"id":59047,"href":"https:\/\/svil.constantinianorder.com\/fr\/wp-json\/wp\/v2\/posts\/23071\/revisions\/59047"}],"wp:attachment":[{"href":"https:\/\/svil.constantinianorder.com\/fr\/wp-json\/wp\/v2\/media?parent=23071"}],"wp:term":[{"taxonomy":"category","embeddable":true,"href":"https:\/\/svil.constantinianorder.com\/fr\/wp-json\/wp\/v2\/categories?post=23071"},{"taxonomy":"post_tag","embeddable":true,"href":"https:\/\/svil.constantinianorder.com\/fr\/wp-json\/wp\/v2\/tags?post=23071"}],"curies":[{"name":"wp","href":"https:\/\/api.w.org\/{rel}","templated":true}]}}