{"id":23157,"date":"2017-04-14T17:01:44","date_gmt":"2017-04-14T17:01:44","guid":{"rendered":"http:\/\/www.constantinianorder.net\/?p=23157"},"modified":"2026-01-15T17:56:38","modified_gmt":"2026-01-15T17:56:38","slug":"activite-lombardie-avril-2017","status":"publish","type":"post","link":"https:\/\/svil.constantinianorder.com\/fr\/activite-lombardie-avril-2017\/","title":{"rendered":"ACTIVIT\u00c9 LOMBARDIE AVRIL 2017"},"content":{"rendered":"<p><img loading=\"lazy\" decoding=\"async\" class=\"alignleft wp-image-23005 size-medium\" src=\"http:\/\/constantinianorder.net\/wp-content\/uploads\/2017\/04\/San-Vincenzo-300x225.jpg\" alt=\"San Vincenzo\" width=\"300\" height=\"225\" \/><\/p>\n<p><strong>Lombardie, avril 2017<\/strong> &#8211; La D\u00e9l\u00e9gation de Lombardie a diff\u00e9renci\u00e9 ses activit\u00e9s, au cours du mois d\u2019avril, alternant des moments culturels avec les activit\u00e9s religieuses et les initiatives en faveur des n\u00e9cessiteux.<\/p>\n<p>Le 28 mars dernier, Chevaliers et Dames de la Repr\u00e9sentation de Brescia et Mantoue ont remis plus de 330 kg de p\u00e2tes alimentaires, offertes par l\u2019entreprise Pagani, \u00e0 Mgr. Antonio Bodini, r\u00e9f\u00e9rent pour la zone Brescia Est de la Caritas Bresciana.<\/p>\n<p>Le samedi 1er avril, le Repr\u00e9sentant de Varese, le M. Giovanni Mattei accompagn\u00e9 de deux aspirants \u00e0 l\u2019introduction dans l\u2019Ordre, a remis au responsable de la Caritas Dioc\u00e9saine de Varese, Pere\u00a0Marco Casale, une quantit\u00e9 importante d\u2019articles d\u2019habillement \u00e0 distribuer aux n\u00e9cessiteux de la ville et de la province.<\/p>\n<p>Le 2 avril, \u00e0 l\u2019occasion des Festivit\u00e9s de San Francesco di Paola, saint patron associ\u00e9 de l\u2019Ordre Constantinien, une messe a \u00e9t\u00e9 c\u00e9l\u00e9br\u00e9e \u00e0 la paroisse qui lui est consacr\u00e9e. Elle \u00e9tait pr\u00e9sid\u00e9e par l\u2019aum\u00f4nier de la Repr\u00e9sentation, Mgr. Ivo Panteghini, d\u00e9l\u00e9gu\u00e9 de l\u2019\u00c9v\u00eaque, et un certain nombre de Chevaliers et de Dames y ont particip\u00e9.<\/p>\n<p>&nbsp;<\/p>\n<p><!--more--><\/p>\n<p>Au terme de la c\u00e9r\u00e9monie, \u00e0 laquelle ont \u00e9galement assist\u00e9 les membres de la confraternit\u00e9 locale, deux m\u00e9dailles d\u2019argent honorifiques de l\u2019Ordre Constantinien ont \u00e9t\u00e9 conf\u00e9r\u00e9es. Le produit du repas de bienfaisance qui a suivi a \u00e9t\u00e9 d\u00e9volu \u00e0 l\u2019Association TSV techniciens d\u2019assistance-sant\u00e9 b\u00e9n\u00e9voles avec qui la D\u00e9l\u00e9gation collabore depuis des ann\u00e9es.<\/p>\n<p>La Repr\u00e9sentation de Brescia, le 6 avril 2017 a consign\u00e9 au responsable du Dortoir San Vincenzo di Brescia, des matelas neufs, des oreillers ainsi que diverses pi\u00e8ces d\u2019habillement pour les n\u00e9cessiteux.<\/p>\n<p>Par la suite, le 7 avril, le Prieur de la D\u00e9l\u00e9gation, Mgr. Arnaldo Morandi, est intervenu avec M. Alberto Lembo, Grand Inquisiteur \u00e0 un congr\u00e8s organis\u00e9 par le Pr\u00e9sident du Lions Club Vallecamonica, Mr Sergio Pedersoli, en compagnie du Major Salvatore Malvaso, Chevalier de M\u00e9rite. Au cours de leurs interventions, le Grand Inquisiteur a \u00e9clairci les aspects l\u00e9gislatifs et l\u2019histoire de la reconnaissance des ordres dynastiques de chevalerie en Italie, tandis que Mgr. Morandi, qui recouvre en outre le r\u00f4le de Secr\u00e9taire G\u00e9n\u00e9ral du Bureau du Grand Prieur, a parl\u00e9 de l&rsquo;accompagnement spirituel et du projet pastoral ainsi que de l\u2019engagement caritatif et du rapport avec l\u2019\u00c9glise Catholique.<\/p>\n<p>&nbsp;<\/p>\n<p><!--more--><\/p>\n<p><img loading=\"lazy\" decoding=\"async\" class=\"alignleft size-medium wp-image-23004\" src=\"http:\/\/constantinianorder.net\/wp-content\/uploads\/2017\/04\/convegno-300x225.jpg\" alt=\"convegno\" width=\"300\" height=\"225\" \/> <img loading=\"lazy\" decoding=\"async\" class=\"alignleft size-medium wp-image-23003\" src=\"http:\/\/constantinianorder.net\/wp-content\/uploads\/2017\/04\/foto-2-300x225.jpg\" alt=\"foto 2\" width=\"300\" height=\"225\" \/>\u00a0<img loading=\"lazy\" decoding=\"async\" class=\"alignleft size-medium wp-image-23041\" src=\"http:\/\/constantinianorder.net\/wp-content\/uploads\/2017\/04\/17799446_1664696023832526_7724473031572666995_n-225x300.jpg\" alt=\"17799446_1664696023832526_7724473031572666995_n\" width=\"225\" height=\"300\" \/> <img loading=\"lazy\" decoding=\"async\" class=\"alignleft size-medium wp-image-23042\" src=\"http:\/\/constantinianorder.net\/wp-content\/uploads\/2017\/04\/17795909_1664696057165856_6348122963564731869_n-225x300.jpg\" alt=\"17795909_1664696057165856_6348122963564731869_n\" width=\"225\" height=\"300\" \/><\/p>\n","protected":false},"excerpt":{"rendered":"<p>Lombardie, avril 2017 &#8211; La D\u00e9l\u00e9gation de Lombardie a diff\u00e9renci\u00e9 ses activit\u00e9s, au cours du mois d\u2019avril, alternant des moments culturels avec les activit\u00e9s religieuses et les initiatives en faveur des n\u00e9cessiteux. Le 28 mars dernier, Chevaliers et Dames de la Repr\u00e9sentation de Brescia et Mantoue ont remis plus de 330 kg de p\u00e2tes alimentaires, [&hellip;]<\/p>\n","protected":false},"author":1,"featured_media":0,"comment_status":"closed","ping_status":"open","sticky":false,"template":"","format":"standard","meta":{"footnotes":""},"categories":[152],"tags":[],"class_list":["post-23157","post","type-post","status-publish","format-standard","hentry","category-delegation-de-lombardie"],"_links":{"self":[{"href":"https:\/\/svil.constantinianorder.com\/fr\/wp-json\/wp\/v2\/posts\/23157","targetHints":{"allow":["GET"]}}],"collection":[{"href":"https:\/\/svil.constantinianorder.com\/fr\/wp-json\/wp\/v2\/posts"}],"about":[{"href":"https:\/\/svil.constantinianorder.com\/fr\/wp-json\/wp\/v2\/types\/post"}],"author":[{"embeddable":true,"href":"https:\/\/svil.constantinianorder.com\/fr\/wp-json\/wp\/v2\/users\/1"}],"replies":[{"embeddable":true,"href":"https:\/\/svil.constantinianorder.com\/fr\/wp-json\/wp\/v2\/comments?post=23157"}],"version-history":[{"count":1,"href":"https:\/\/svil.constantinianorder.com\/fr\/wp-json\/wp\/v2\/posts\/23157\/revisions"}],"predecessor-version":[{"id":59067,"href":"https:\/\/svil.constantinianorder.com\/fr\/wp-json\/wp\/v2\/posts\/23157\/revisions\/59067"}],"wp:attachment":[{"href":"https:\/\/svil.constantinianorder.com\/fr\/wp-json\/wp\/v2\/media?parent=23157"}],"wp:term":[{"taxonomy":"category","embeddable":true,"href":"https:\/\/svil.constantinianorder.com\/fr\/wp-json\/wp\/v2\/categories?post=23157"},{"taxonomy":"post_tag","embeddable":true,"href":"https:\/\/svil.constantinianorder.com\/fr\/wp-json\/wp\/v2\/tags?post=23157"}],"curies":[{"name":"wp","href":"https:\/\/api.w.org\/{rel}","templated":true}]}}