{"id":23315,"date":"2017-04-27T16:21:06","date_gmt":"2017-04-27T16:21:06","guid":{"rendered":"http:\/\/www.constantinianorder.net\/?p=23315"},"modified":"2026-01-15T17:56:52","modified_gmt":"2026-01-15T17:56:52","slug":"latium-fete-patronale-de-saint-georges","status":"publish","type":"post","link":"https:\/\/svil.constantinianorder.com\/fr\/latium-fete-patronale-de-saint-georges\/","title":{"rendered":"LATIUM FETE PATRONALE DE SAINT-GEORGES"},"content":{"rendered":"<p>Rome, dimanche 23 avril, M\u00e9moire liturgique de Saint-Georges, martyr, la D\u00e9l\u00e9gation pour la ville de Rome et le Latium a voulu rendre hommage \u00e0 son saint patron en c\u00e9l\u00e9brant une messe\u00a0 pr\u00e9sid\u00e9e par le Vice-prieur pour la ville de Rome, Don Roberto Foini, en la Chapelle du Bienheureux J. H. Newman, ancien cardinal qui a re\u00e7u le titre de San Giorgio in Velabro.<\/p>\n<p>La repr\u00e9sentation de la D\u00e9l\u00e9gation a \u00e9t\u00e9 guid\u00e9e par S.A. le Prince Don Lelio Niccol\u00f2 Orsini d&rsquo;Aragona et par le Vice-d\u00e9l\u00e9gu\u00e9 pour la ville de Rome, le Comte Riccardo Langosco di Langosco.<\/p>\n<p>La foi \u00a0courageuse de Saint-Georges a \u00e9t\u00e9 le th\u00e8me central de la C\u00e9l\u00e9bration qui s\u2019est conclue par la pri\u00e8re du Chevalier Constantinien proclam\u00e9e par tous les participants.<\/p>\n<p><img loading=\"lazy\" decoding=\"async\" class=\"wp-image-23112 size-medium\" src=\"http:\/\/constantinianorder.net\/wp-content\/uploads\/2017\/04\/IMG_3793-261x300.jpg\" alt=\"Preghiera del Cavaliere\" width=\"261\" height=\"300\" \/><\/p>\n","protected":false},"excerpt":{"rendered":"<p>Rome, dimanche 23 avril, M\u00e9moire liturgique de Saint-Georges, martyr, la D\u00e9l\u00e9gation pour la ville de Rome et le Latium a voulu rendre hommage \u00e0 son saint patron en c\u00e9l\u00e9brant une messe\u00a0 pr\u00e9sid\u00e9e par le Vice-prieur pour la ville de Rome, Don Roberto Foini, en la Chapelle du Bienheureux J. H. Newman, ancien cardinal qui a [&hellip;]<\/p>\n","protected":false},"author":1,"featured_media":0,"comment_status":"closed","ping_status":"open","sticky":false,"template":"","format":"standard","meta":{"footnotes":""},"categories":[191],"tags":[],"class_list":["post-23315","post","type-post","status-publish","format-standard","hentry","category-delegation-de-rome-et-du-latium"],"_links":{"self":[{"href":"https:\/\/svil.constantinianorder.com\/fr\/wp-json\/wp\/v2\/posts\/23315","targetHints":{"allow":["GET"]}}],"collection":[{"href":"https:\/\/svil.constantinianorder.com\/fr\/wp-json\/wp\/v2\/posts"}],"about":[{"href":"https:\/\/svil.constantinianorder.com\/fr\/wp-json\/wp\/v2\/types\/post"}],"author":[{"embeddable":true,"href":"https:\/\/svil.constantinianorder.com\/fr\/wp-json\/wp\/v2\/users\/1"}],"replies":[{"embeddable":true,"href":"https:\/\/svil.constantinianorder.com\/fr\/wp-json\/wp\/v2\/comments?post=23315"}],"version-history":[{"count":1,"href":"https:\/\/svil.constantinianorder.com\/fr\/wp-json\/wp\/v2\/posts\/23315\/revisions"}],"predecessor-version":[{"id":59096,"href":"https:\/\/svil.constantinianorder.com\/fr\/wp-json\/wp\/v2\/posts\/23315\/revisions\/59096"}],"wp:attachment":[{"href":"https:\/\/svil.constantinianorder.com\/fr\/wp-json\/wp\/v2\/media?parent=23315"}],"wp:term":[{"taxonomy":"category","embeddable":true,"href":"https:\/\/svil.constantinianorder.com\/fr\/wp-json\/wp\/v2\/categories?post=23315"},{"taxonomy":"post_tag","embeddable":true,"href":"https:\/\/svil.constantinianorder.com\/fr\/wp-json\/wp\/v2\/tags?post=23315"}],"curies":[{"name":"wp","href":"https:\/\/api.w.org\/{rel}","templated":true}]}}