{"id":23317,"date":"2017-04-27T17:26:05","date_gmt":"2017-04-27T17:26:05","guid":{"rendered":"http:\/\/www.constantinianorder.net\/?p=23317"},"modified":"2026-01-15T17:56:52","modified_gmt":"2026-01-15T17:56:52","slug":"lombardie-fete-patronale-de-saint-georges","status":"publish","type":"post","link":"https:\/\/svil.constantinianorder.com\/fr\/lombardie-fete-patronale-de-saint-georges\/","title":{"rendered":"LOMBARDIE \u2013 FETE PATRONALE DE SAINT-GEORGES"},"content":{"rendered":"<p><img loading=\"lazy\" decoding=\"async\" class=\"alignleft wp-image-23107 size-medium\" src=\"http:\/\/constantinianorder.net\/wp-content\/uploads\/2017\/04\/celebranti-300x212.jpg\" alt=\"celebranti\" width=\"300\" height=\"212\" \/>Vendredi 21 avril, les Chevaliers et les Dames de la D\u00e9l\u00e9gation de la Lombardie ont particip\u00e9 \u00e0 la Sainte Messe c\u00e9l\u00e9br\u00e9e en l\u2019honneur de Saint-Georges, martyr, saint patron de l\u2019Ordre Constantinien dans\u00a0 la c\u00e9l\u00e8bre \u00e9glise milanaise de San Giorgio al Palazzo.<\/p>\n<p>La c\u00e9l\u00e9bration a eu lieu le vendredi 21 au lieu du 23 avril, jour de la m\u00e9moire liturgique, car cette ann\u00e9e, vu que cette date tombait un dimanche, la priorit\u00e9 aurait \u00e9t\u00e9 donn\u00e9e \u00e0 la f\u00eate de la divine mis\u00e9ricorde.<\/p>\n<p>La liturgie a \u00e9t\u00e9 pr\u00e9sid\u00e9e par le Prieur pour la Lombardie et Secr\u00e9taire g\u00e9n\u00e9ral du bureau du Grand Prieur Mgr. Arnaldo Morandi et conc\u00e9l\u00e9br\u00e9e par le Vice-secr\u00e9taire du bureau du Grand Prieur, Mgr. Pierantonio Bodini, par l\u2019aum\u00f4nier de la Repr\u00e9sentation de Monza Brianza, don Michele Somaschini, ainsi que par don Andrea Dotti, Directeur du Collegio Vescovile San Giorgio de Brescia. Les personnalit\u00e9s suivantes \u00e9taient \u00e9galement pr\u00e9sentes: S.E. le Grand Inquisiteur, M. Alberto Lembo, S.E. le Grand Tr\u00e9sorier, Don Giancarlo dei Principi Rocco di Torrepadula, Le Vice-d\u00e9l\u00e9gu\u00e9 pour la Lombardie, M. Giuseppe Rizzani, le D\u00e9l\u00e9gu\u00e9 pour les Trois V\u00e9n\u00e9ties, le Comte Roberto Giustiniani, ainsi que divers Repr\u00e9sentants de la Lombardie et illustres Chevaliers et Dames provenant aussi d\u2019autres D\u00e9l\u00e9gations.<\/p>\n<p><!--more--><\/p>\n<p>Le cur\u00e9 de San Giorgio al Palazzo, Mgr. Gianni Zappa, qui rev\u00eat \u00e9galement la fonction d\u2019assistant dioc\u00e9sain de l\u2019Action catholique et ancien mod\u00e9rateur de la curie du Dioc\u00e8se ambrosien, a introduit la c\u00e9l\u00e9bration en accueillant les Chevaliers et les Dames Constantiniens avec sympathie et consid\u00e9ration, en utilisant l\u2019expression: \u201cSoyez les bienvenus, je dirais m\u00eame heureux de vous revoir\u2026\u201d<\/p>\n<p>A cette occasion, Mgr. Zappa avait ordonn\u00e9 qu\u2019une c\u00e9l\u00e8bre relique de Saint-Georges soit expos\u00e9e et qu\u2019un pr\u00e9cieux calice historique, don du Bienheureux Paul VI \u00e0 la paroisse, arborant les effigies de Saint-Georges, de la basilique vaticane et du Pape L\u00e9on XIII \u2013 \u00e9poque \u00e0 laquelle remonte ce vase sacr\u00e9 \u2013 soit utilis\u00e9 lors de la Sainte Messe.<\/p>\n<p>Au nom de l\u2019Ordre Constantinien, Mgr. Arnaldo Morandi a donn\u00e9 \u00e0 Mgr. Gianni Zappa, une ancienne statuette en bronze dor\u00e9 de la <em>Madonnina<\/em> du D\u00f4me et a remis une premi\u00e8re aide financi\u00e8re pour les n\u00e9cessit\u00e9s de la Caritas de la paroisse de Saint-Georges.<\/p>\n<p>L\u2019Ordre Constantinien a eu une pr\u00e9sence importante au sein de l\u2019Archidioc\u00e8se ambrosien \u00e0 l\u2019\u00e9poque post-unitaire, comme cela a \u00e9t\u00e9 attest\u00e9 par le Cardinal Eugenio Tosi, Chevalier Grand-Croix\u00a0 de l\u2019Ordre \u00e0 partir de 1923 qui, par le biais d\u2019un D\u00e9cret \u00e9mis en 1931, fixa le si\u00e8ge religieux de la milice sacr\u00e9e en l\u2019\u00e9glise de San Giorgio al Palazzo.<\/p>\n<p>Il y a \u00e9galement lieu de signaler la grande plaque sur le mur droit du transept, pos\u00e9e par les Chevaliers Constantiniens le 13 juin 1978 en souvenir de l\u2019\u00e9dit de Milan promulgu\u00e9 en ce lieu en 313 par l\u2019Empereur Constantin.<\/p>\n<p>Le D\u00e9l\u00e9gu\u00e9 pour la Lombardie, don Andrea Imperiali dei Principi di Francavilla, avait charg\u00e9 le Vice-d\u00e9l\u00e9gu\u00e9 et le Prieur de la D\u00e9l\u00e9gation de prendre contact avec le cur\u00e9 actuel de San Giorgio, Mgr. Gianni Zappa, afin d\u2019\u00e9valuer avec lui l\u2019opportunit\u00e9, m\u00eame dans le futur, que l\u2019\u00e9glise de San Giorgio al Palazzo continue de jouer le r\u00f4le de temple pour les c\u00e9l\u00e9brations de l\u2019Ordre Constantinien, comme cela avait d\u00e9j\u00e0 \u00e9t\u00e9 le cas dans un pass\u00e9 r\u00e9cent, sous l\u2019\u00e9gide de son pr\u00e9d\u00e9cesseur, \u00a0Mgr. Giampietro Crippa, Prieur \u00e9m\u00e9rite de la D\u00e9l\u00e9gation pour Lombardie.<\/p>\n<p><img loading=\"lazy\" decoding=\"async\" class=\"alignleft size-medium wp-image-23108\" src=\"http:\/\/constantinianorder.net\/wp-content\/uploads\/2017\/04\/navata-228x300.jpg\" alt=\"navata\" width=\"228\" height=\"300\" \/><br \/>\n<img loading=\"lazy\" decoding=\"async\" class=\"alignleft wp-image-23109 size-medium\" src=\"http:\/\/constantinianorder.net\/wp-content\/uploads\/2017\/04\/lapide-300x177.jpg\" alt=\"lapide\" width=\"300\" height=\"177\" \/><\/p>\n","protected":false},"excerpt":{"rendered":"<p>Vendredi 21 avril, les Chevaliers et les Dames de la D\u00e9l\u00e9gation de la Lombardie ont particip\u00e9 \u00e0 la Sainte Messe c\u00e9l\u00e9br\u00e9e en l\u2019honneur de Saint-Georges, martyr, saint patron de l\u2019Ordre Constantinien dans\u00a0 la c\u00e9l\u00e8bre \u00e9glise milanaise de San Giorgio al Palazzo. La c\u00e9l\u00e9bration a eu lieu le vendredi 21 au lieu du 23 avril, jour [&hellip;]<\/p>\n","protected":false},"author":1,"featured_media":0,"comment_status":"closed","ping_status":"open","sticky":false,"template":"","format":"standard","meta":{"footnotes":""},"categories":[152],"tags":[],"class_list":["post-23317","post","type-post","status-publish","format-standard","hentry","category-delegation-de-lombardie"],"_links":{"self":[{"href":"https:\/\/svil.constantinianorder.com\/fr\/wp-json\/wp\/v2\/posts\/23317","targetHints":{"allow":["GET"]}}],"collection":[{"href":"https:\/\/svil.constantinianorder.com\/fr\/wp-json\/wp\/v2\/posts"}],"about":[{"href":"https:\/\/svil.constantinianorder.com\/fr\/wp-json\/wp\/v2\/types\/post"}],"author":[{"embeddable":true,"href":"https:\/\/svil.constantinianorder.com\/fr\/wp-json\/wp\/v2\/users\/1"}],"replies":[{"embeddable":true,"href":"https:\/\/svil.constantinianorder.com\/fr\/wp-json\/wp\/v2\/comments?post=23317"}],"version-history":[{"count":1,"href":"https:\/\/svil.constantinianorder.com\/fr\/wp-json\/wp\/v2\/posts\/23317\/revisions"}],"predecessor-version":[{"id":59092,"href":"https:\/\/svil.constantinianorder.com\/fr\/wp-json\/wp\/v2\/posts\/23317\/revisions\/59092"}],"wp:attachment":[{"href":"https:\/\/svil.constantinianorder.com\/fr\/wp-json\/wp\/v2\/media?parent=23317"}],"wp:term":[{"taxonomy":"category","embeddable":true,"href":"https:\/\/svil.constantinianorder.com\/fr\/wp-json\/wp\/v2\/categories?post=23317"},{"taxonomy":"post_tag","embeddable":true,"href":"https:\/\/svil.constantinianorder.com\/fr\/wp-json\/wp\/v2\/tags?post=23317"}],"curies":[{"name":"wp","href":"https:\/\/api.w.org\/{rel}","templated":true}]}}