{"id":23322,"date":"2017-05-02T18:32:47","date_gmt":"2017-05-02T18:32:47","guid":{"rendered":"http:\/\/www.constantinianorder.net\/?p=23322"},"modified":"2026-01-15T17:56:57","modified_gmt":"2026-01-15T17:56:57","slug":"750-anniversaire-de-la-dedicace-de-la-cathedrale-de-monreale","status":"publish","type":"post","link":"https:\/\/svil.constantinianorder.com\/fr\/750-anniversaire-de-la-dedicace-de-la-cathedrale-de-monreale\/","title":{"rendered":"750\u00b0 ANNIVERSAIRE DE LA DEDICACE DE LA CATHEDRALE DE MONREALE"},"content":{"rendered":"<p><img loading=\"lazy\" decoding=\"async\" class=\"alignleft size-medium wp-image-23136\" src=\"http:\/\/constantinianorder.net\/wp-content\/uploads\/2017\/05\/image2-300x225.jpg\" alt=\"image2\" width=\"300\" height=\"225\" \/><\/p>\n<p>Le 750<sup>\u00e8me<\/sup> anniversaire de la D\u00e9dicace de la cath\u00e9drale de Monreale a \u00e9t\u00e9 c\u00e9l\u00e9br\u00e9 le 26 avril dernier, date \u00e0 laquelle correspondait aussi le 4<sup>\u00e8me<\/sup> anniversaire de la nomination de Son Eminence R\u00e9v\u00e9rendissime, Mgr. Michele Pennisi, Chevalier eccl\u00e9siastique de Grand-Croix de Gr\u00e2ce et Prieur de la D\u00e9l\u00e9gation, en tant qu\u2019Archev\u00eaque de Monreale.<\/p>\n<p>La c\u00e9l\u00e9bration eucharistique solennelle a \u00e9t\u00e9 pr\u00e9sid\u00e9e par Son Eminence R\u00e9v\u00e9rendissime, le Cardinal Angelo Bagnasco, Pr\u00e9sident de la conf\u00e9rence \u00e9piscopale italienne et Bailli, Chevalier de Grand-Croix de Justice de notre Ordre.<\/p>\n<p>Il y avait plusieurs personnalit\u00e9 pr\u00e9sentes, parmi lesquelles le Pr\u00e9sident de la R\u00e9gion Sicile, le Vice-pr\u00e9sident de l\u2019Assembl\u00e9e r\u00e9gionale, les maires de Monreale, Palerme et d\u2019autres villes de l\u2019Archidioc\u00e8se, le Pr\u00e9fet de Palerme et les Commandants interr\u00e9gionaux des Carabiniers et de la police financi\u00e8re, ainsi que des repr\u00e9sentants de l\u2019Ordre de Saint-Gr\u00e9goire-le-Grand, de l\u2019Ordre souverain militaire de Malte, de l\u2019Ordre \u00e9questre du Saint-S\u00e9pulcre, sans oublier de nombreux Chevaliers et Dames de notre glorieux Ordre Constantinien.<\/p>\n<p>Au terme de la c\u00e9r\u00e9monie, Son Eminence le Cardinal Bagnasco a voulu rencontrer une repr\u00e9sentation de Chevaliers de la D\u00e9l\u00e9gation sicilienne qui lui ont expliqu\u00e9 en d\u00e9tails leur engagement dans le projet \u00ab\u00a0Briciole di Salute\u00a0\u00bb qui apporte r\u00e9guli\u00e8rement son soutien \u00e0 plusieurs dioc\u00e8ses siciliens.<\/p>\n<p>Le Vice-d\u00e9l\u00e9gu\u00e9, M. Antonio di Janni a \u00e9galement remis un exemplaire du livre \u201c Il Vangelo della Giustizia\u201d publication posthume du Cardinal Mario Francesco Pompedda, qui \u00e9tait aussi Grand Prieur.<\/p>\n<p><!--more--><\/p>\n<p><img loading=\"lazy\" decoding=\"async\" class=\"alignleft size-medium wp-image-23137\" src=\"http:\/\/constantinianorder.net\/wp-content\/uploads\/2017\/05\/002-300x200.jpg\" alt=\"002\" width=\"300\" height=\"200\" \/> <img loading=\"lazy\" decoding=\"async\" class=\"alignleft size-medium wp-image-23138\" src=\"http:\/\/constantinianorder.net\/wp-content\/uploads\/2017\/05\/014-300x200.jpg\" alt=\"014\" width=\"300\" height=\"200\" \/><\/p>\n","protected":false},"excerpt":{"rendered":"<p>Le 750\u00e8me anniversaire de la D\u00e9dicace de la cath\u00e9drale de Monreale a \u00e9t\u00e9 c\u00e9l\u00e9br\u00e9 le 26 avril dernier, date \u00e0 laquelle correspondait aussi le 4\u00e8me anniversaire de la nomination de Son Eminence R\u00e9v\u00e9rendissime, Mgr. Michele Pennisi, Chevalier eccl\u00e9siastique de Grand-Croix de Gr\u00e2ce et Prieur de la D\u00e9l\u00e9gation, en tant qu\u2019Archev\u00eaque de Monreale. La c\u00e9l\u00e9bration eucharistique [&hellip;]<\/p>\n","protected":false},"author":1,"featured_media":0,"comment_status":"closed","ping_status":"open","sticky":false,"template":"","format":"standard","meta":{"footnotes":""},"categories":[166],"tags":[],"class_list":["post-23322","post","type-post","status-publish","format-standard","hentry","category-delegation-de-la-sicile"],"_links":{"self":[{"href":"https:\/\/svil.constantinianorder.com\/fr\/wp-json\/wp\/v2\/posts\/23322","targetHints":{"allow":["GET"]}}],"collection":[{"href":"https:\/\/svil.constantinianorder.com\/fr\/wp-json\/wp\/v2\/posts"}],"about":[{"href":"https:\/\/svil.constantinianorder.com\/fr\/wp-json\/wp\/v2\/types\/post"}],"author":[{"embeddable":true,"href":"https:\/\/svil.constantinianorder.com\/fr\/wp-json\/wp\/v2\/users\/1"}],"replies":[{"embeddable":true,"href":"https:\/\/svil.constantinianorder.com\/fr\/wp-json\/wp\/v2\/comments?post=23322"}],"version-history":[{"count":1,"href":"https:\/\/svil.constantinianorder.com\/fr\/wp-json\/wp\/v2\/posts\/23322\/revisions"}],"predecessor-version":[{"id":59105,"href":"https:\/\/svil.constantinianorder.com\/fr\/wp-json\/wp\/v2\/posts\/23322\/revisions\/59105"}],"wp:attachment":[{"href":"https:\/\/svil.constantinianorder.com\/fr\/wp-json\/wp\/v2\/media?parent=23322"}],"wp:term":[{"taxonomy":"category","embeddable":true,"href":"https:\/\/svil.constantinianorder.com\/fr\/wp-json\/wp\/v2\/categories?post=23322"},{"taxonomy":"post_tag","embeddable":true,"href":"https:\/\/svil.constantinianorder.com\/fr\/wp-json\/wp\/v2\/tags?post=23322"}],"curies":[{"name":"wp","href":"https:\/\/api.w.org\/{rel}","templated":true}]}}