{"id":23466,"date":"2017-05-11T12:30:06","date_gmt":"2017-05-11T12:30:06","guid":{"rendered":"http:\/\/www.constantinianorder.net\/?p=23466"},"modified":"2026-01-15T17:57:06","modified_gmt":"2026-01-15T17:57:06","slug":"delegation-de-la-sicile-activites-du-mois-de-mai","status":"publish","type":"post","link":"https:\/\/svil.constantinianorder.com\/fr\/delegation-de-la-sicile-activites-du-mois-de-mai\/","title":{"rendered":"DELEGATION DE LA SICILE \u2013 ACTIVITES DU MOIS DE MAI"},"content":{"rendered":"<p><img loading=\"lazy\" decoding=\"async\" class=\"alignleft size-medium wp-image-23218\" src=\"http:\/\/constantinianorder.net\/wp-content\/uploads\/2017\/05\/20170508_114945-1-225x300.jpg\" alt=\"20170508_114945\" width=\"225\" height=\"300\" \/><\/p>\n<p>La d\u00e9l\u00e9gation sicilienne a \u00e9t\u00e9 tr\u00e8s active au cours du mois de mai.<\/p>\n<p>Le dimanche 7 mai, une Sainte Messe a \u00e9t\u00e9 c\u00e9l\u00e9br\u00e9e en l\u2019\u00e9glise de S. Basilio \u00e0 Palerme, \u00e0 l\u2019occasion du centenaire de l\u2019apparition de la Vierge aux trois jeunes bergers \u00e0 Fatima, ainsi qu\u2019en m\u00e9moire des morts de toutes les guerres, des actes de terrorisme et de la mafia, \u00e0 laquelle une repr\u00e9sentation constantinienne a particip\u00e9, guid\u00e9e par le Vice-d\u00e9l\u00e9gu\u00e9.<\/p>\n<p>Le lendemain, un fauteuil roulant a \u00e9t\u00e9 remis pour les personnes \u00e2g\u00e9es s\u00e9journant \u00e0 l\u2019hospice Balsamo de l\u2019Archidioc\u00e8se de Monreale avec lequel une fructueuse collaboration a \u00e9t\u00e9 instaur\u00e9e depuis longtemps et o\u00f9 les Chevaliers les Dames se rendent souvent pour soutenir le moral des pensionnaires.<\/p>\n<p>Le projet \u201cBriciole di Salute\u201d, v\u00e9ritable fleuron des activit\u00e9s de la d\u00e9l\u00e9gation, \u00a0a permis de fournir des denr\u00e9es alimentaires pour les enfants de z\u00e9ro \u00e0 trois ans \u00e0 Borgetto, dans la province de Palerme et dans l\u2019Archidioc\u00e8se de Monreale, gr\u00e2ce aux volontaires de la Croce Costantiniana Sicilia onlus \u00a0en les remettant \u00e0 Don Sergio Albano, cur\u00e9 de la paroisse de S. Antonio. Certains produits sont le fruit d\u2019une collecte alimentaire dans un supermarch\u00e9 de la zone effectu\u00e9e par des volontaires constantiniens. Le projet \u201cBriciole di Salute\u201d s\u2019\u00e9tend sur plusieurs villes siciliennes et repr\u00e9sente le fleuron de la d\u00e9l\u00e9gation de la Sicile.<\/p>\n<p>Ensuite, le 11 mai, le Vice-d\u00e9l\u00e9gu\u00e9 a fourni au responsable de la Caritas du Dioc\u00e8se de Piana degli Albanesi, Papas Alberto Stassi,\u00a0 des marchandises destin\u00e9es aux enfants de 0 \u00e0 3 ans des familles n\u00e9cessiteuses du Dioc\u00e8se.<\/p>\n<p>Deux fournitures diff\u00e9rentes de denr\u00e9es alimentaires ont ensuite \u00e9t\u00e9 effectu\u00e9es pour la table ouverte pour les pauvres organis\u00e9e par l\u2019\u00e9glise de S. Mamiliano. Lors de cette double occasion, la d\u00e9l\u00e9gation de la Sicile a donn\u00e9 \u00e0 la table pour les pauvres plus de 20 kg de poisson, en recevant les remerciements des volontaires du centre pour l\u2019aide pr\u00e9cieuse et constante qu\u2019elle leur apporte.<br \/>\n<!--more--><\/p>\n<table>\n<tbody>\n<tr>\n<td><img loading=\"lazy\" decoding=\"async\" class=\"alignleft size-medium wp-image-23215\" src=\"http:\/\/constantinianorder.net\/wp-content\/uploads\/2017\/05\/10-05-17-300x239.jpg\" alt=\"10-05-17\" width=\"300\" height=\"239\" \/><img loading=\"lazy\" decoding=\"async\" class=\"alignleft size-medium wp-image-23219\" src=\"http:\/\/constantinianorder.net\/wp-content\/uploads\/2017\/05\/IMG_3284-300x225.jpg\" alt=\"IMG_3284\" width=\"300\" height=\"225\" \/><\/td>\n<\/tr>\n<tr>\n<td><img loading=\"lazy\" decoding=\"async\" class=\"size-medium wp-image-23216\" src=\"http:\/\/constantinianorder.net\/wp-content\/uploads\/2017\/05\/20170429_185039-300x169.jpg\" alt=\"?????????????\" width=\"300\" height=\"169\" \/><img loading=\"lazy\" decoding=\"async\" class=\"alignleft size-medium wp-image-23239\" src=\"http:\/\/constantinianorder.net\/wp-content\/uploads\/2017\/05\/image1-282x300.jpg\" alt=\"image1\" width=\"282\" height=\"300\" \/><\/td>\n<\/tr>\n<\/tbody>\n<\/table>\n","protected":false},"excerpt":{"rendered":"<p>La d\u00e9l\u00e9gation sicilienne a \u00e9t\u00e9 tr\u00e8s active au cours du mois de mai. Le dimanche 7 mai, une Sainte Messe a \u00e9t\u00e9 c\u00e9l\u00e9br\u00e9e en l\u2019\u00e9glise de S. Basilio \u00e0 Palerme, \u00e0 l\u2019occasion du centenaire de l\u2019apparition de la Vierge aux trois jeunes bergers \u00e0 Fatima, ainsi qu\u2019en m\u00e9moire des morts de toutes les guerres, des [&hellip;]<\/p>\n","protected":false},"author":1,"featured_media":0,"comment_status":"closed","ping_status":"open","sticky":false,"template":"","format":"standard","meta":{"footnotes":""},"categories":[166],"tags":[],"class_list":["post-23466","post","type-post","status-publish","format-standard","hentry","category-delegation-de-la-sicile"],"_links":{"self":[{"href":"https:\/\/svil.constantinianorder.com\/fr\/wp-json\/wp\/v2\/posts\/23466","targetHints":{"allow":["GET"]}}],"collection":[{"href":"https:\/\/svil.constantinianorder.com\/fr\/wp-json\/wp\/v2\/posts"}],"about":[{"href":"https:\/\/svil.constantinianorder.com\/fr\/wp-json\/wp\/v2\/types\/post"}],"author":[{"embeddable":true,"href":"https:\/\/svil.constantinianorder.com\/fr\/wp-json\/wp\/v2\/users\/1"}],"replies":[{"embeddable":true,"href":"https:\/\/svil.constantinianorder.com\/fr\/wp-json\/wp\/v2\/comments?post=23466"}],"version-history":[{"count":1,"href":"https:\/\/svil.constantinianorder.com\/fr\/wp-json\/wp\/v2\/posts\/23466\/revisions"}],"predecessor-version":[{"id":59125,"href":"https:\/\/svil.constantinianorder.com\/fr\/wp-json\/wp\/v2\/posts\/23466\/revisions\/59125"}],"wp:attachment":[{"href":"https:\/\/svil.constantinianorder.com\/fr\/wp-json\/wp\/v2\/media?parent=23466"}],"wp:term":[{"taxonomy":"category","embeddable":true,"href":"https:\/\/svil.constantinianorder.com\/fr\/wp-json\/wp\/v2\/categories?post=23466"},{"taxonomy":"post_tag","embeddable":true,"href":"https:\/\/svil.constantinianorder.com\/fr\/wp-json\/wp\/v2\/tags?post=23466"}],"curies":[{"name":"wp","href":"https:\/\/api.w.org\/{rel}","templated":true}]}}