{"id":23756,"date":"2017-08-01T15:09:52","date_gmt":"2017-08-01T15:09:52","guid":{"rendered":"http:\/\/www.constantinianorder.net\/?p=23756"},"modified":"2026-01-15T18:01:38","modified_gmt":"2026-01-15T18:01:38","slug":"delegation-du-piemont-et-de-la-vallee-daoste-nouvelle-donation-au-pro-infantia-derelicta","status":"publish","type":"post","link":"https:\/\/svil.constantinianorder.com\/fr\/delegation-du-piemont-et-de-la-vallee-daoste-nouvelle-donation-au-pro-infantia-derelicta\/","title":{"rendered":"D\u00c9L\u00c9GATION DU PI\u00c9MONT ET DE LA VALL\u00c9E D\u2019AOSTE \u2013 NOUVELLE DONATION AU PRO INFANTIA DERELICTA"},"content":{"rendered":"<p><img loading=\"lazy\" decoding=\"async\" class=\"alignleft size-medium wp-image-23661\" src=\"http:\/\/constantinianorder.net\/wp-content\/uploads\/2017\/08\/IMG-20170719-WA0007-300x225.jpg\" alt=\"IMG-20170719-WA0007\" width=\"300\" height=\"225\" \/><\/p>\n<p><strong>Turin, le 22 juillet 2017<\/strong> \u2013 Sous l\u2019\u00e9gide de M. Mauro Maffione, un groupe de Chevaliers, de Dames et de futurs membres de la D\u00e9l\u00e9gation du Pi\u00e9mont et de la Vall\u00e9e d\u2019Aoste ont promptement r\u00e9pondu \u00e0 la demande d\u2019aide faite par l\u2019ex-orphelinat de Turin \u201cPro Infantia Derelicta\u201den effectuant une importante donation de denr\u00e9es alimentaires et de produits pour l\u2019hygi\u00e8ne personnelle et pour la maison.<\/p>\n<p>&nbsp;<\/p>\n<p>Cette nouvelle donation s\u2019ins\u00e8re dans le projet plus vaste \u201cLa fame del Nostro Vicino\u201d, fortement d\u00e9sir\u00e9 par le Grand Ma\u00eetre de l\u2019Ordre, S.A.R. le Prince Charles de Bourbon des Deux-Siciles, Duc de Castro.<\/p>\n<p>&nbsp;<\/p>\n","protected":false},"excerpt":{"rendered":"<p>Turin, le 22 juillet 2017 \u2013 Sous l\u2019\u00e9gide de M. Mauro Maffione, un groupe de Chevaliers, de Dames et de futurs membres de la D\u00e9l\u00e9gation du Pi\u00e9mont et de la Vall\u00e9e d\u2019Aoste ont promptement r\u00e9pondu \u00e0 la demande d\u2019aide faite par l\u2019ex-orphelinat de Turin \u201cPro Infantia Derelicta\u201den effectuant une importante donation de denr\u00e9es alimentaires et [&hellip;]<\/p>\n","protected":false},"author":1,"featured_media":0,"comment_status":"closed","ping_status":"open","sticky":false,"template":"","format":"standard","meta":{"footnotes":""},"categories":[174],"tags":[],"class_list":["post-23756","post","type-post","status-publish","format-standard","hentry","category-delegation-du-piemont-et-de-la-vallee-daoste"],"_links":{"self":[{"href":"https:\/\/svil.constantinianorder.com\/fr\/wp-json\/wp\/v2\/posts\/23756","targetHints":{"allow":["GET"]}}],"collection":[{"href":"https:\/\/svil.constantinianorder.com\/fr\/wp-json\/wp\/v2\/posts"}],"about":[{"href":"https:\/\/svil.constantinianorder.com\/fr\/wp-json\/wp\/v2\/types\/post"}],"author":[{"embeddable":true,"href":"https:\/\/svil.constantinianorder.com\/fr\/wp-json\/wp\/v2\/users\/1"}],"replies":[{"embeddable":true,"href":"https:\/\/svil.constantinianorder.com\/fr\/wp-json\/wp\/v2\/comments?post=23756"}],"version-history":[{"count":1,"href":"https:\/\/svil.constantinianorder.com\/fr\/wp-json\/wp\/v2\/posts\/23756\/revisions"}],"predecessor-version":[{"id":59211,"href":"https:\/\/svil.constantinianorder.com\/fr\/wp-json\/wp\/v2\/posts\/23756\/revisions\/59211"}],"wp:attachment":[{"href":"https:\/\/svil.constantinianorder.com\/fr\/wp-json\/wp\/v2\/media?parent=23756"}],"wp:term":[{"taxonomy":"category","embeddable":true,"href":"https:\/\/svil.constantinianorder.com\/fr\/wp-json\/wp\/v2\/categories?post=23756"},{"taxonomy":"post_tag","embeddable":true,"href":"https:\/\/svil.constantinianorder.com\/fr\/wp-json\/wp\/v2\/tags?post=23756"}],"curies":[{"name":"wp","href":"https:\/\/api.w.org\/{rel}","templated":true}]}}