{"id":23800,"date":"2017-08-22T12:20:25","date_gmt":"2017-08-22T12:20:25","guid":{"rendered":"http:\/\/www.constantinianorder.net\/?p=23800"},"modified":"2026-01-15T18:01:40","modified_gmt":"2026-01-15T18:01:40","slug":"2eme-congres-historique-a-rossano","status":"publish","type":"post","link":"https:\/\/svil.constantinianorder.com\/fr\/2eme-congres-historique-a-rossano\/","title":{"rendered":"2\u00e8me CONGRES HISTORIQUE A ROSSANO"},"content":{"rendered":"<p><img loading=\"lazy\" decoding=\"async\" class=\"alignleft size-medium wp-image-23713\" src=\"http:\/\/constantinianorder.net\/wp-content\/uploads\/2017\/08\/2-300x225.jpg\" alt=\"2\" width=\"300\" height=\"225\" \/>Le 2\u00e8me rendez-vous de la D\u00e9l\u00e9gation de la Calabre a eu lieu le 12 ao\u00fbt dernier \u00e0 Rossano, gr\u00e2ce \u00e0 la g\u00e9n\u00e9reuse hospitalit\u00e9 de la soci\u00e9t\u00e9 Amarelli.<br \/>\nLa journ\u00e9e, dont l\u2019agenda \u00e9tait bien rempli, a d\u00e9but\u00e9 par la visite du merveilleux mus\u00e9e Amarelli, suivie par la Sainte Messe c\u00e9l\u00e9br\u00e9e dans la chapelle Gentilizia de l\u2019entreprise par le Vice-prieur Mgr Antonio Morabito.<br \/>\nEnsuite, le congr\u00e8s sur le th\u00e8me \u201cLe brigandage post-unitaire entre histoire et l\u00e9gende\u201d a repr\u00e9sent\u00e9 le dernier rendez-vous de la journ\u00e9e.<!--more--><br \/>\nEn qualit\u00e9 de repr\u00e9sentant de la ville de Cosenza, le Chevalier M. Giuseppe Spizzirri Marzo a ouvert les travaux en donnant les premiers points de r\u00e9flexion sur le th\u00e8me et sur les activit\u00e9s de l\u2019Ordre. Ensuite, le Chevalier M. Fortunato Amarelli a pris la parole en tant qu\u2019h\u00f4te, afin de remercier les participants (parmi lesquels figuraient de nombreux Chevaliers et Dames) pour leur pr\u00e9sence.<br \/>\nLe journaliste, Domenico Marino, ainsi que le Chevalier de Gr\u00e2ce et Pr\u00e9sident du tribunal de la jeunesse de Bari, Riccardo Greco, se sont ensuite succ\u00e9d\u00e9s en soulignant la valeur historique de ceux qui d\u00e9di\u00e8rent leur vie au brigandage, en d\u00e9fense d\u2019un peuple condamn\u00e9 par les \u00e9v\u00e9nements et par l\u2019histoire.<br \/>\nLes travaux ont \u00e9t\u00e9 anim\u00e9s par M. Aurelio Badolati, Vice-d\u00e9l\u00e9gu\u00e9 calabrais qui, non sans avoir pr\u00e9alablement remerci\u00e9 la famille Amarelli pour l\u2019hospitalit\u00e9, a illustr\u00e9 aux participants quelques activit\u00e9s de la d\u00e9l\u00e9gation en faveur des personnes d\u00e9favoris\u00e9es de la r\u00e9gion.<\/p>\n<p><img loading=\"lazy\" decoding=\"async\" class=\"alignleft size-medium wp-image-23714\" src=\"http:\/\/constantinianorder.net\/wp-content\/uploads\/2017\/08\/3-300x225.jpg\" alt=\"3\" width=\"300\" height=\"225\" \/> <img loading=\"lazy\" decoding=\"async\" class=\"alignleft size-medium wp-image-23712\" src=\"http:\/\/constantinianorder.net\/wp-content\/uploads\/2017\/08\/1-300x169.jpg\" alt=\"1\" width=\"300\" height=\"169\" \/><\/p>\n","protected":false},"excerpt":{"rendered":"<p>Le 2\u00e8me rendez-vous de la D\u00e9l\u00e9gation de la Calabre a eu lieu le 12 ao\u00fbt dernier \u00e0 Rossano, gr\u00e2ce \u00e0 la g\u00e9n\u00e9reuse hospitalit\u00e9 de la soci\u00e9t\u00e9 Amarelli. La journ\u00e9e, dont l\u2019agenda \u00e9tait bien rempli, a d\u00e9but\u00e9 par la visite du merveilleux mus\u00e9e Amarelli, suivie par la Sainte Messe c\u00e9l\u00e9br\u00e9e dans la chapelle Gentilizia de l\u2019entreprise [&hellip;]<\/p>\n","protected":false},"author":1,"featured_media":0,"comment_status":"closed","ping_status":"open","sticky":false,"template":"","format":"standard","meta":{"footnotes":""},"categories":[160],"tags":[],"class_list":["post-23800","post","type-post","status-publish","format-standard","hentry","category-delegation-de-la-calabre"],"_links":{"self":[{"href":"https:\/\/svil.constantinianorder.com\/fr\/wp-json\/wp\/v2\/posts\/23800","targetHints":{"allow":["GET"]}}],"collection":[{"href":"https:\/\/svil.constantinianorder.com\/fr\/wp-json\/wp\/v2\/posts"}],"about":[{"href":"https:\/\/svil.constantinianorder.com\/fr\/wp-json\/wp\/v2\/types\/post"}],"author":[{"embeddable":true,"href":"https:\/\/svil.constantinianorder.com\/fr\/wp-json\/wp\/v2\/users\/1"}],"replies":[{"embeddable":true,"href":"https:\/\/svil.constantinianorder.com\/fr\/wp-json\/wp\/v2\/comments?post=23800"}],"version-history":[{"count":1,"href":"https:\/\/svil.constantinianorder.com\/fr\/wp-json\/wp\/v2\/posts\/23800\/revisions"}],"predecessor-version":[{"id":59218,"href":"https:\/\/svil.constantinianorder.com\/fr\/wp-json\/wp\/v2\/posts\/23800\/revisions\/59218"}],"wp:attachment":[{"href":"https:\/\/svil.constantinianorder.com\/fr\/wp-json\/wp\/v2\/media?parent=23800"}],"wp:term":[{"taxonomy":"category","embeddable":true,"href":"https:\/\/svil.constantinianorder.com\/fr\/wp-json\/wp\/v2\/categories?post=23800"},{"taxonomy":"post_tag","embeddable":true,"href":"https:\/\/svil.constantinianorder.com\/fr\/wp-json\/wp\/v2\/tags?post=23800"}],"curies":[{"name":"wp","href":"https:\/\/api.w.org\/{rel}","templated":true}]}}