{"id":24100,"date":"2017-09-28T12:06:31","date_gmt":"2017-09-28T12:06:31","guid":{"rendered":"http:\/\/www.constantinianorder.net\/?p=24100"},"modified":"2026-01-15T18:01:59","modified_gmt":"2026-01-15T18:01:59","slug":"s-a-r-le-grand-maitre-a-noto-22-24-septembre-2017","status":"publish","type":"post","link":"https:\/\/svil.constantinianorder.com\/fr\/s-a-r-le-grand-maitre-a-noto-22-24-septembre-2017\/","title":{"rendered":"S.A.R. LE GRAND MA\u00ceTRE \u00c0 NOTO 22-24 SEPTEMBRE 2017"},"content":{"rendered":"<table>\n<tbody>\n<tr>\n<td><img loading=\"lazy\" decoding=\"async\" class=\"alignleft size-medium wp-image-19974\" src=\"http:\/\/www.realcasadiborbone.it\/wp-content\/uploads\/JBML8492-300x200.jpg\" alt=\"JBML8492\" width=\"300\" height=\"200\" \/>Le 23 septembre dernier, le prince Charles de Bourbon des Deux-Siciles, duc de Castro, s\u2019est rendu en Sicile afin de participer \u00e0 une s\u00e9rie d\u2019activit\u00e9s de bienfaisance dans la ville de Noto, accompagn\u00e9 de son \u00e9pouse, S.A.R. la princesse Camilla, duchesse de Castro, et de ses filles, LL.AA.RR. les princesses Maria Carolina et Maria Chiara.<\/td>\n<\/tr>\n<tr>\n<td>Durant la matin\u00e9e, le Grand Ma\u00eetre, \u00e9galement accompagn\u00e9 de S.A.R. la princesse B\u00e9atrice de Bourbon des Deux-Siciles, Grand Pr\u00e9fet, a donn\u00e9 trois d\u00e9fibrillateurs semi-automatiques \u00e0 l\u2019Institut polyvalent de l\u2019Etat \u201cG. Melodia\u201d de Noto au nom de l\u2019Ordre Constantinien.<\/p>\n<p><img loading=\"lazy\" decoding=\"async\" class=\"alignleft size-medium wp-image-23903\" style=\"font-family: inherit; font-size: inherit;\" src=\"http:\/\/constantinianorder.net\/wp-content\/uploads\/2017\/09\/BEF7356-1-300x200.jpg\" alt=\"_BEF7356\" width=\"300\" height=\"200\" \/><\/p>\n<p><img loading=\"lazy\" decoding=\"async\" class=\"alignleft size-medium wp-image-23904\" src=\"http:\/\/constantinianorder.net\/wp-content\/uploads\/2017\/09\/BEF7431-300x200.jpg\" alt=\"_BEF7431\" width=\"300\" height=\"200\" \/><\/td>\n<\/tr>\n<tr>\n<td>Il s\u2019agit d\u2019une donation qui s\u2019inscrit dans le cadre du projet \u201cCitt\u00e0 Cardio Protetta\u201d qui a d\u00e9but\u00e9 l\u2019ann\u00e9e derni\u00e8re et qui implique de nombreuses D\u00e9l\u00e9gations italiennes. Ce projet pr\u00e9voit la donation de machines n\u00e9cessaires pour les premiers soins en cas d\u2019arr\u00eat cardiorespiratoire.<br \/>\nVu les difficult\u00e9s \u00e9conomiques de nombreuses familles de la zone, et en r\u00e9ponse \u00e0 la demande du directeur de l\u2019\u00e9cole \u201cIstituto Melodia\u201d, l\u2019Ordre Constantinien a d\u00e9cid\u00e9 de prendre l\u2019achat des livres scolaires en charge pour tous les \u00e9tudiants de l\u2019\u00e9cole pour l\u2019ann\u00e9e 2017-18, en inaugurant ainsi le projet \u201cBuono Libri\u201d, et de faire une autre donation de jeux pour les enfants de l\u2019\u00e9cole maternelle du complexe scolaire.<\/td>\n<\/tr>\n<tr>\n<td>Au cours de l\u2019apr\u00e8s-midi, au si\u00e8ge de l\u2019Ev\u00each\u00e9 de Noto, la famille royale a particip\u00e9 \u00e0 la distribution de produits de premi\u00e8re n\u00e9cessit\u00e9 pour les enfants \u00e2g\u00e9s de 0 \u00e0 3 ans du projet \u201cBriciole di salute\u201d et \u00e0 la remise d\u2019un d\u00e9fibrillateur semi-automatique destin\u00e9 \u00e0 une \u00e9quipe de football de jeunes. Dans ce contexte, S.A.R. le Grand Pr\u00e9fet a livr\u00e9 une grande quantit\u00e9 de robes offertes par M. He Jianxing de l&rsquo;Entreprise HELI, M. Ren Gael de VEGA&rsquo;S et M. Jiang Yimin de GRASSTAR.<\/p>\n<p><img loading=\"lazy\" decoding=\"async\" class=\"alignleft size-medium wp-image-23905\" style=\"font-family: inherit; font-size: inherit;\" src=\"http:\/\/constantinianorder.net\/wp-content\/uploads\/2017\/09\/BEF7706-300x200.jpg\" alt=\"_BEF7706\" width=\"300\" height=\"200\" \/><\/p>\n<p><img loading=\"lazy\" decoding=\"async\" class=\"alignleft size-medium wp-image-23906\" src=\"http:\/\/constantinianorder.net\/wp-content\/uploads\/2017\/09\/BEF7721-300x200.jpg\" alt=\"_BEF7721\" width=\"300\" height=\"200\" \/><\/td>\n<\/tr>\n<tr>\n<td>Le dimanche 24 septembre, en la cath\u00e9drale de Noto, apr\u00e8s la Sainte Messe c\u00e9l\u00e9br\u00e9e par Son Excellence R\u00e9v\u00e9rendissime, Mgr Antonio Staglian\u00f2, Ev\u00eaque de Noto et Commandeur eccl\u00e9siastique de Gr\u00e2ce, a eu lieu la c\u00e9r\u00e9monie de remise des dipl\u00f4mes \u00e0 quelques Chevaliers et Dames de l\u2019Ordre. Lors de son intervention, S.A.R. le duc de Castro et Grand Ma\u00eetre, a remerci\u00e9 tous ceux qui ont particip\u00e9 aux activit\u00e9s de l\u2019Ordre et a rappel\u00e9 qu\u2019il avait lui aussi port\u00e9 le titre de duc de Noto dans sa jeunesse.<br \/>\n<img loading=\"lazy\" decoding=\"async\" class=\"alignleft size-medium wp-image-23907\" src=\"http:\/\/constantinianorder.net\/wp-content\/uploads\/2017\/09\/BEF7835-300x200.jpg\" alt=\"_BEF7835\" width=\"300\" height=\"200\" \/> <img loading=\"lazy\" decoding=\"async\" class=\"alignleft size-medium wp-image-23908\" src=\"http:\/\/constantinianorder.net\/wp-content\/uploads\/2017\/09\/BEF7916-300x200.jpg\" alt=\"_BEF7916\" width=\"300\" height=\"200\" \/><\/td>\n<\/tr>\n<tr>\n<td>Ensuite, en rappelant la d\u00e9cision qu\u2019il a prise en qualit\u00e9 de chef de la Maison Royale de modifier les r\u00e8gles de succession en adoptant celle du droit d\u2019ainesse absolu, S.A.R. le prince Charles de Bourbon des Deux-Siciles a confirm\u00e9 que le titre revenant \u00e0 Maria Chiara, sa fille cadette, est celui de duchesse de Noto. En effet, la succession des titres de la Maison Royale de Bourbon des Deux-Siciles pr\u00e9voit que le titre de duc de Castro soit l\u2019apanage du chef de famille, celui de duc de Calabre du premier h\u00e9ritier et celui de duc de Noto au deuxi\u00e8me.<br \/>\n<img loading=\"lazy\" decoding=\"async\" class=\"alignleft size-medium wp-image-23909\" src=\"http:\/\/constantinianorder.net\/wp-content\/uploads\/2017\/09\/BEF7946-300x200.jpg\" alt=\"_BEF7946\" width=\"300\" height=\"200\" \/><img loading=\"lazy\" decoding=\"async\" class=\"alignleft size-medium wp-image-23910\" src=\"http:\/\/constantinianorder.net\/wp-content\/uploads\/2017\/09\/BEF7981-300x200.jpg\" alt=\"_BEF7981\" width=\"300\" height=\"200\" \/><\/td>\n<\/tr>\n<\/tbody>\n<\/table>\n","protected":false},"excerpt":{"rendered":"<p>Le 23 septembre dernier, le prince Charles de Bourbon des Deux-Siciles, duc de Castro, s\u2019est rendu en Sicile afin de participer \u00e0 une s\u00e9rie d\u2019activit\u00e9s de bienfaisance dans la ville de Noto, accompagn\u00e9 de son \u00e9pouse, S.A.R. la princesse Camilla, duchesse de Castro, et de ses filles, LL.AA.RR. les princesses Maria Carolina et Maria Chiara. [&hellip;]<\/p>\n","protected":false},"author":1,"featured_media":0,"comment_status":"closed","ping_status":"open","sticky":false,"template":"","format":"standard","meta":{"footnotes":""},"categories":[186,166],"tags":[],"class_list":["post-24100","post","type-post","status-publish","format-standard","hentry","category-communiques-du-grand-magistere","category-delegation-de-la-sicile"],"_links":{"self":[{"href":"https:\/\/svil.constantinianorder.com\/fr\/wp-json\/wp\/v2\/posts\/24100","targetHints":{"allow":["GET"]}}],"collection":[{"href":"https:\/\/svil.constantinianorder.com\/fr\/wp-json\/wp\/v2\/posts"}],"about":[{"href":"https:\/\/svil.constantinianorder.com\/fr\/wp-json\/wp\/v2\/types\/post"}],"author":[{"embeddable":true,"href":"https:\/\/svil.constantinianorder.com\/fr\/wp-json\/wp\/v2\/users\/1"}],"replies":[{"embeddable":true,"href":"https:\/\/svil.constantinianorder.com\/fr\/wp-json\/wp\/v2\/comments?post=24100"}],"version-history":[{"count":1,"href":"https:\/\/svil.constantinianorder.com\/fr\/wp-json\/wp\/v2\/posts\/24100\/revisions"}],"predecessor-version":[{"id":59260,"href":"https:\/\/svil.constantinianorder.com\/fr\/wp-json\/wp\/v2\/posts\/24100\/revisions\/59260"}],"wp:attachment":[{"href":"https:\/\/svil.constantinianorder.com\/fr\/wp-json\/wp\/v2\/media?parent=24100"}],"wp:term":[{"taxonomy":"category","embeddable":true,"href":"https:\/\/svil.constantinianorder.com\/fr\/wp-json\/wp\/v2\/categories?post=24100"},{"taxonomy":"post_tag","embeddable":true,"href":"https:\/\/svil.constantinianorder.com\/fr\/wp-json\/wp\/v2\/tags?post=24100"}],"curies":[{"name":"wp","href":"https:\/\/api.w.org\/{rel}","templated":true}]}}