{"id":24116,"date":"2017-09-28T15:39:29","date_gmt":"2017-09-28T15:39:29","guid":{"rendered":"http:\/\/www.constantinianorder.net\/?p=24116"},"modified":"2026-01-15T18:02:01","modified_gmt":"2026-01-15T18:02:01","slug":"trois-veneties-fete-de-lexaltation-de-la-sainte-croix-14-septembre-2017","status":"publish","type":"post","link":"https:\/\/svil.constantinianorder.com\/fr\/trois-veneties-fete-de-lexaltation-de-la-sainte-croix-14-septembre-2017\/","title":{"rendered":"TROIS V\u00c9N\u00c9TIES \u2013 F\u00caTE DE L\u2019EXALTATION DE LA SAINTE-CROIX \u2013 14 SEPTEMBRE 2017"},"content":{"rendered":"<p><img loading=\"lazy\" decoding=\"async\" class=\"alignleft size-medium wp-image-23966\" src=\"http:\/\/constantinianorder.net\/wp-content\/uploads\/2017\/10\/foto-dallalto-in-chiesa-200x300.jpg\" alt=\"foto dall'alto in chiesa\" width=\"200\" height=\"300\" \/><\/p>\n<p><strong>Venise<\/strong>, le 14 septembre 2017. La D\u00e9l\u00e9gation des Trois V\u00e9n\u00e9ties a c\u00e9l\u00e9br\u00e9, aupr\u00e8s de la Scuola Grande di San Giovanni Evangelista, la f\u00eate de l\u2019Exaltation de la Sainte-Croix, avec les confr\u00e9ries v\u00e9nitiennes, l\u2019Ordre de Malte et l\u2019Ordre du Saint-S\u00e9pulcre.<\/p>\n<p>La c\u00e9r\u00e9monie a \u00e9t\u00e9 caract\u00e9ris\u00e9e par la v\u00e9n\u00e9ration de la pr\u00e9cieuse relique de la Sainte-Croix en la basilique de Santa Maria Gloriosa dei Frari qui a \u00e9t\u00e9 suivie par la r\u00e9flexion franciscaine de P\u00e8re Lino Pellanda, cur\u00e9 de la paroisse des Frari et par la procession traditionnelle jusqu\u2019\u00e0 l\u2019\u00e9glise de San Giovanni Evangelista o\u00f9 la Sainte Messe s\u2019est d\u00e9roul\u00e9e, c\u00e9l\u00e9br\u00e9e par Son Excellence R\u00e9v\u00e9rendissime, Mgr Dino De Antoni, \u00e9v\u00eaque \u00e9m\u00e9rite de Gorizia, Commandeur eccl\u00e9siastique de Gr\u00e2ce.<\/p>\n<p>Cette c\u00e9r\u00e9monie a vu la pr\u00e9sence des Vice-d\u00e9l\u00e9gu\u00e9s, MM. Federico Bulfone Gransinigh et Lucio Pasqualetto, du repr\u00e9sentant pour Venise, le prince Don Giovanni Alliata di Montereale, de M. Giorgio Miccoli, ainsi que d\u2019une grande repr\u00e9sentation de Chevaliers et de Dames de l\u2019Ordre Constantinien.<\/p>\n<p>&nbsp;<\/p>\n<p><!--more--><\/p>\n<p><img loading=\"lazy\" decoding=\"async\" class=\"alignleft size-medium wp-image-23967\" src=\"http:\/\/constantinianorder.net\/wp-content\/uploads\/2017\/10\/gruppo-300x200.jpg\" alt=\"gruppo\" width=\"300\" height=\"200\" \/><\/p>\n","protected":false},"excerpt":{"rendered":"<p>Venise, le 14 septembre 2017. La D\u00e9l\u00e9gation des Trois V\u00e9n\u00e9ties a c\u00e9l\u00e9br\u00e9, aupr\u00e8s de la Scuola Grande di San Giovanni Evangelista, la f\u00eate de l\u2019Exaltation de la Sainte-Croix, avec les confr\u00e9ries v\u00e9nitiennes, l\u2019Ordre de Malte et l\u2019Ordre du Saint-S\u00e9pulcre. La c\u00e9r\u00e9monie a \u00e9t\u00e9 caract\u00e9ris\u00e9e par la v\u00e9n\u00e9ration de la pr\u00e9cieuse relique de la Sainte-Croix en [&hellip;]<\/p>\n","protected":false},"author":1,"featured_media":0,"comment_status":"closed","ping_status":"open","sticky":false,"template":"","format":"standard","meta":{"footnotes":""},"categories":[213],"tags":[],"class_list":["post-24116","post","type-post","status-publish","format-standard","hentry","category-delegation-du-triveneto"],"_links":{"self":[{"href":"https:\/\/svil.constantinianorder.com\/fr\/wp-json\/wp\/v2\/posts\/24116","targetHints":{"allow":["GET"]}}],"collection":[{"href":"https:\/\/svil.constantinianorder.com\/fr\/wp-json\/wp\/v2\/posts"}],"about":[{"href":"https:\/\/svil.constantinianorder.com\/fr\/wp-json\/wp\/v2\/types\/post"}],"author":[{"embeddable":true,"href":"https:\/\/svil.constantinianorder.com\/fr\/wp-json\/wp\/v2\/users\/1"}],"replies":[{"embeddable":true,"href":"https:\/\/svil.constantinianorder.com\/fr\/wp-json\/wp\/v2\/comments?post=24116"}],"version-history":[{"count":1,"href":"https:\/\/svil.constantinianorder.com\/fr\/wp-json\/wp\/v2\/posts\/24116\/revisions"}],"predecessor-version":[{"id":59264,"href":"https:\/\/svil.constantinianorder.com\/fr\/wp-json\/wp\/v2\/posts\/24116\/revisions\/59264"}],"wp:attachment":[{"href":"https:\/\/svil.constantinianorder.com\/fr\/wp-json\/wp\/v2\/media?parent=24116"}],"wp:term":[{"taxonomy":"category","embeddable":true,"href":"https:\/\/svil.constantinianorder.com\/fr\/wp-json\/wp\/v2\/categories?post=24116"},{"taxonomy":"post_tag","embeddable":true,"href":"https:\/\/svil.constantinianorder.com\/fr\/wp-json\/wp\/v2\/tags?post=24116"}],"curies":[{"name":"wp","href":"https:\/\/api.w.org\/{rel}","templated":true}]}}