{"id":24549,"date":"2017-11-07T15:33:09","date_gmt":"2017-11-07T15:33:09","guid":{"rendered":"http:\/\/www.constantinianorder.net\/monaco-cerimonia-di-investitura-di-s-a-s-il-principe-albert-ii-principe-sovrano-di-monaco-2\/"},"modified":"2026-01-15T18:04:53","modified_gmt":"2026-01-15T18:04:53","slug":"monaco-ceremonie-dinvestiture-de-s-a-s-le-prince-albert-ii","status":"publish","type":"post","link":"https:\/\/svil.constantinianorder.com\/fr\/monaco-ceremonie-dinvestiture-de-s-a-s-le-prince-albert-ii\/","title":{"rendered":"MONACO &#8211; C\u00c9R\u00c9MONIE D\u2019INVESTITURE DE S.A.S. LE PRINCE ALBERT II"},"content":{"rendered":"<figure id=\"attachment_24357\" aria-describedby=\"caption-attachment-24357\" style=\"width: 300px\" class=\"wp-caption alignleft\"><img loading=\"lazy\" decoding=\"async\" class=\"size-medium wp-image-24357\" src=\"http:\/\/constantinianorder.net\/wp-content\/uploads\/2017\/12\/consegna-300x200.jpg\" alt=\"S.A.S. le Prince Albert II, Prince Souverain de Monaco re\u00e7oit de main de S.A.R. le Prince Charles de Bourbon des Deux Siciles, Duc de Castro le collier de l\u2019Ordre Sacr\u00e9 et Militaire Constantinien de Saint Georges\" width=\"300\" height=\"200\" \/><figcaption id=\"caption-attachment-24357\" class=\"wp-caption-text\">S.A.S. le Prince Albert II, Prince Souverain de Monaco re\u00e7oit de main de S.A.R. le Prince Charles de Bourbon des Deux Siciles, Duc de Castro le collier de l\u2019Ordre Sacr\u00e9 et Militaire Constantinien de Saint Georges<\/figcaption><\/figure>\n<p>Montecarlo, Palais Princier, lund\u00ec 6 novembre 2017<\/p>\n<p>Une rencontre officielle a eu lieu entre S.A.R. le Prince Charles de Bourbon des Deux Siciles, Duc de Castro et Gran Ma\u00eetre de la Maison Royale de Bourbon des Deux Siciles et S.A.S. le Prince Albert II, Prince Souverain de Monaco.<!--more--><\/p>\n<p>Pendant la rencontre le Prince Albert II de Monaco a re\u00e7u le Collier de l\u2019Ordre Sacr\u00e9 et Militaire Constantinien de Saint George et les insignes de l\u2019Ordre Royale de San Gennaro. S.E. Don Francesco Ruspoli, Prince de Cerveteri, Gran Chancellier de l\u2019Ordre Sacr\u00e9 et Militaire Constantinien de Saint Georges; Monsieur Inigo Lopez de la Osa Escribano, D\u00e9l\u00e9gu\u00e9 et Pr\u00e9sident de l\u2019Association Monegasque pour la Principau\u00e9 de Monaco; le Conseiller d\u2019Etat Camille Pascal, D\u00e9l\u00e9gu\u00e9 pour la France; S.E. M. Jacques Boisson, S\u00e9cretaire d\u2019Etat de S.A.S le Prince Souverain de Monaco; M. Georges Lisimachio, Chef de Cabinet de S.A.S. le Prince Souverain de Monaco \u00e9taient pr\u00e9sents lors de cet important \u00e9v\u00e9nement.<\/p>\n<figure id=\"attachment_24359\" aria-describedby=\"caption-attachment-24359\" style=\"width: 300px\" class=\"wp-caption alignleft\"><img loading=\"lazy\" decoding=\"async\" class=\"size-medium wp-image-24359\" src=\"http:\/\/constantinianorder.net\/wp-content\/uploads\/2017\/12\/san-gennaro-300x200.jpg\" alt=\"S.A.S. le Prince Albert II, Prince Souverain de Monaco re\u00e7oit de main de S.A.R. le Prince Charles de Bourbon des Deux Siciles, Duc de Castro la d\u00e9coration de l\u2019 Illustre Ordre Royal de Saint-Janvier\" width=\"300\" height=\"200\" \/><figcaption id=\"caption-attachment-24359\" class=\"wp-caption-text\">S.A.S. le Prince Albert II, Prince Souverain de Monaco re\u00e7oit de main de S.A.R. le Prince Charles de Bourbon des Deux Siciles, Duc de Castro la d\u00e9coration de l\u2019 Illustre Ordre Royal de Saint-Janvier<\/figcaption><\/figure>\n<figure id=\"attachment_24358\" aria-describedby=\"caption-attachment-24358\" style=\"width: 300px\" class=\"wp-caption alignleft\"><img loading=\"lazy\" decoding=\"async\" class=\"size-medium wp-image-24358\" src=\"http:\/\/constantinianorder.net\/wp-content\/uploads\/2017\/12\/gruppo-300x200.jpg\" alt=\"A partir de gauche: Monsieur Georges Lisimachio, Chef de Cabinet de S.A.S. le Prince Albert II de Monaco Monsieur Inigo Lopez de la Osa Escribano, Pr\u00e9sident de l\u2019Association mon\u00e9gasque de l\u2019Ordre Constantinien, S.A.R. le Duc de Castro S.A.S. le Prince Albert II, Prince Souverain de Monaco, S.E. Don Francesco Ruspoli, Principe di Cerveteri, Grand Chancelier de l\u2019Ordre Constantinien, Monsieur Camille Pascal, D\u00e9l\u00e9gu\u00e9 et Pr\u00e9sident de l\u2019Association fran\u00e7aise de l\u2019Ordre Constantinien en France, S.E. Monsieur Jacques Boisson, Secr\u00e9taire d'\u00c9tat de S.A.S. le Prince Albert II de Monaco\" width=\"300\" height=\"200\" \/><figcaption id=\"caption-attachment-24358\" class=\"wp-caption-text\">A partir de gauche:<br \/>\nMonsieur Georges Lisimachio, Chef de Cabinet de S.A.S. le Prince Albert II de Monaco<br \/>\nMonsieur Inigo Lopez de la Osa Escribano, Pr\u00e9sident de l\u2019Association monegasque de l\u2019Ordre Constantinien,<br \/>\nS.A.R. le Duc de Castro  , S.A.S. le Prince Albert II, Prince Souverain de Monaco,<br \/>\nS.E. Don Francesco Ruspoli, Principe di Cerveteri, Grand Chancelier de l\u2019Ordre Constantinien,<br \/>\nS.E. Monsieur Jacques Boisson, Secr\u00e9taire d&rsquo;\u00c9tat de S.A.S. le Prince Albert II de Monaco<br \/><\/figcaption><\/figure>\n","protected":false},"excerpt":{"rendered":"<p>Montecarlo, Palais Princier, lund\u00ec 6 novembre 2017 Une rencontre officielle a eu lieu entre S.A.R. le Prince Charles de Bourbon des Deux Siciles, Duc de Castro et Gran Ma\u00eetre de la Maison Royale de Bourbon des Deux Siciles et S.A.S. le Prince Albert II, Prince Souverain de Monaco.<\/p>\n","protected":false},"author":1,"featured_media":0,"comment_status":"closed","ping_status":"open","sticky":false,"template":"","format":"standard","meta":{"footnotes":""},"categories":[244],"tags":[],"class_list":["post-24549","post","type-post","status-publish","format-standard","hentry","category-delegation-de-monaco"],"_links":{"self":[{"href":"https:\/\/svil.constantinianorder.com\/fr\/wp-json\/wp\/v2\/posts\/24549","targetHints":{"allow":["GET"]}}],"collection":[{"href":"https:\/\/svil.constantinianorder.com\/fr\/wp-json\/wp\/v2\/posts"}],"about":[{"href":"https:\/\/svil.constantinianorder.com\/fr\/wp-json\/wp\/v2\/types\/post"}],"author":[{"embeddable":true,"href":"https:\/\/svil.constantinianorder.com\/fr\/wp-json\/wp\/v2\/users\/1"}],"replies":[{"embeddable":true,"href":"https:\/\/svil.constantinianorder.com\/fr\/wp-json\/wp\/v2\/comments?post=24549"}],"version-history":[{"count":1,"href":"https:\/\/svil.constantinianorder.com\/fr\/wp-json\/wp\/v2\/posts\/24549\/revisions"}],"predecessor-version":[{"id":59337,"href":"https:\/\/svil.constantinianorder.com\/fr\/wp-json\/wp\/v2\/posts\/24549\/revisions\/59337"}],"wp:attachment":[{"href":"https:\/\/svil.constantinianorder.com\/fr\/wp-json\/wp\/v2\/media?parent=24549"}],"wp:term":[{"taxonomy":"category","embeddable":true,"href":"https:\/\/svil.constantinianorder.com\/fr\/wp-json\/wp\/v2\/categories?post=24549"},{"taxonomy":"post_tag","embeddable":true,"href":"https:\/\/svil.constantinianorder.com\/fr\/wp-json\/wp\/v2\/tags?post=24549"}],"curies":[{"name":"wp","href":"https:\/\/api.w.org\/{rel}","templated":true}]}}