{"id":25049,"date":"2018-01-24T12:33:53","date_gmt":"2018-01-24T12:33:53","guid":{"rendered":"http:\/\/www.constantinianorder.net\/piemonte-briciole-di-salute-a-torino-2\/"},"modified":"2026-01-15T17:18:49","modified_gmt":"2026-01-15T17:18:49","slug":"piemont-briciole-di-salute-a-turin","status":"publish","type":"post","link":"https:\/\/svil.constantinianorder.com\/fr\/piemont-briciole-di-salute-a-turin\/","title":{"rendered":"PIEMONT: BRICIOLE DI SALUTE A TURIN"},"content":{"rendered":"<p><strong><img loading=\"lazy\" decoding=\"async\" class=\"alignnone size-medium wp-image-25046\" src=\"http:\/\/constantinianorder.net\/wp-content\/uploads\/2018\/01\/foto1-300x172.jpg\" alt=\"foto1\" width=\"300\" height=\"172\" \/><\/strong><\/p>\n<p><strong>Turin, 23 janvier 2018<\/strong>. La d\u00e9l\u00e9gation du Pi\u00e9mont et de la Vall\u00e9e d\u2019Aoste a offert des aliments et des produits pour les soins personnels \u00e0 la Communaut\u00e9 pour mineurs \u201cPro Infantia Derelicta\u201d de Turin. Le Vice D\u00e9l\u00e9gu\u00e9 pour le Pi\u00e9mont et la Vall\u00e9e d\u2019Aoste, M. Mario Baschirotto, Don Augusto Piccoli, le Repr\u00e9sentant pour la ville de Cuneo M. Bruno Pietro et des chevaliers de la d\u00e9l\u00e9gation \u00e9taient pr\u00e9sents. Apr\u00e8s la donation il y a eu une rencontre conviviale et une rencontre pour discuter des activit\u00e9s pass\u00e9es et des activit\u00e9s futures.<br \/>\n.<\/p>\n","protected":false},"excerpt":{"rendered":"<p>Turin, 23 janvier 2018. La d\u00e9l\u00e9gation du Pi\u00e9mont et de la Vall\u00e9e d\u2019Aoste a offert des aliments et des produits pour les soins personnels \u00e0 la Communaut\u00e9 pour mineurs \u201cPro Infantia Derelicta\u201d de Turin. Le Vice D\u00e9l\u00e9gu\u00e9 pour le Pi\u00e9mont et la Vall\u00e9e d\u2019Aoste, M. Mario Baschirotto, Don Augusto Piccoli, le Repr\u00e9sentant pour la ville [&hellip;]<\/p>\n","protected":false},"author":1,"featured_media":0,"comment_status":"closed","ping_status":"open","sticky":false,"template":"","format":"standard","meta":{"footnotes":""},"categories":[174],"tags":[],"class_list":["post-25049","post","type-post","status-publish","format-standard","hentry","category-delegation-du-piemont-et-de-la-vallee-daoste"],"_links":{"self":[{"href":"https:\/\/svil.constantinianorder.com\/fr\/wp-json\/wp\/v2\/posts\/25049","targetHints":{"allow":["GET"]}}],"collection":[{"href":"https:\/\/svil.constantinianorder.com\/fr\/wp-json\/wp\/v2\/posts"}],"about":[{"href":"https:\/\/svil.constantinianorder.com\/fr\/wp-json\/wp\/v2\/types\/post"}],"author":[{"embeddable":true,"href":"https:\/\/svil.constantinianorder.com\/fr\/wp-json\/wp\/v2\/users\/1"}],"replies":[{"embeddable":true,"href":"https:\/\/svil.constantinianorder.com\/fr\/wp-json\/wp\/v2\/comments?post=25049"}],"version-history":[{"count":1,"href":"https:\/\/svil.constantinianorder.com\/fr\/wp-json\/wp\/v2\/posts\/25049\/revisions"}],"predecessor-version":[{"id":57552,"href":"https:\/\/svil.constantinianorder.com\/fr\/wp-json\/wp\/v2\/posts\/25049\/revisions\/57552"}],"wp:attachment":[{"href":"https:\/\/svil.constantinianorder.com\/fr\/wp-json\/wp\/v2\/media?parent=25049"}],"wp:term":[{"taxonomy":"category","embeddable":true,"href":"https:\/\/svil.constantinianorder.com\/fr\/wp-json\/wp\/v2\/categories?post=25049"},{"taxonomy":"post_tag","embeddable":true,"href":"https:\/\/svil.constantinianorder.com\/fr\/wp-json\/wp\/v2\/tags?post=25049"}],"curies":[{"name":"wp","href":"https:\/\/api.w.org\/{rel}","templated":true}]}}