{"id":25281,"date":"2018-02-28T11:05:49","date_gmt":"2018-02-28T11:05:49","guid":{"rendered":"http:\/\/www.constantinianorder.net\/sicilia-incontro-con-mons-mogavero-e-prima-distribuzione-del-mese-di-febbraio-a-monreale-2\/"},"modified":"2026-01-15T17:19:57","modified_gmt":"2026-01-15T17:19:57","slug":"sicile-rencontre-avec-mons-mogavero-et-premiere-distribution-de-fevrier-a-monreale","status":"publish","type":"post","link":"https:\/\/svil.constantinianorder.com\/fr\/sicile-rencontre-avec-mons-mogavero-et-premiere-distribution-de-fevrier-a-monreale\/","title":{"rendered":"SICILE: RENCONTRE AVEC MONS. MOGAVERO ET DISTRIBUTIONS DE FEVRIER A MONREALE"},"content":{"rendered":"<p><img loading=\"lazy\" decoding=\"async\" class=\"alignleft size-medium wp-image-25273\" src=\"http:\/\/constantinianorder.net\/wp-content\/uploads\/2018\/02\/mazzara-Vescovo-300x225.png\" alt=\"mazzara Vescovo\" width=\"300\" height=\"225\" \/><\/p>\n<p>Le 6 f\u00e9vrier le Vice D\u00e9l\u00e9gu\u00e9 pour la Sicile, M. Antonio Di Janni, a \u00e9t\u00e9 accueilli par Mons. Domenico Mogavero. Pendant leur rencontre le Vice D\u00e9l\u00e9gu\u00e9 a d\u00e9crit toutes les activit\u00e9s charitables de l\u2019Ordre en Sicile, en particulier celles qui concernent le projet \u201cBriciole di Salute\u201d qui est n\u00e9 \u00e0 Monreale il y a quatre ans. A la fin de la rencontre, le Vice D\u00e9l\u00e9gu\u00e9 a offert \u00e0 l\u2019\u00e9v\u00eaque quelques cadeaux, le journal \u201cLa Nuova Fenice\u201d qui illustre les activit\u00e9s de l\u2019Ordre et les Chroniques Constantiniennes.<\/p>\n<p>&nbsp;<\/p>\n<p>&nbsp;<\/p>\n<p>Le 7 f\u00e9vrier la <strong>premi\u00e8re distribution<\/strong> de produits pour l\u2019enfance s\u2019est tenue aupr\u00e8s de l\u2019\u00e9glise Maria SS degli Agonizzanti \u00e0 Monreale. Du lait, des biscuits, des couches et des produits pour les enfants ont \u00e9t\u00e9 donn\u00e9s.<\/p>\n<p><img loading=\"lazy\" decoding=\"async\" class=\"alignleft size-medium wp-image-25274\" src=\"http:\/\/constantinianorder.net\/wp-content\/uploads\/2018\/02\/monreale-febbraio-300x200.jpg\" alt=\"monreale-febbraio\" width=\"300\" height=\"200\" \/><\/p>\n<p>&nbsp;<\/p>\n<p>&nbsp;<\/p>\n<p>&nbsp;<\/p>\n<p>&nbsp;<\/p>\n<p>&nbsp;<\/p>\n<p>&nbsp;<\/p>\n<p>&nbsp;<\/p>\n<p>La <strong>deuxi\u00e8me distribution<\/strong> s&rsquo;est tenue le 28 f\u00e9vrier \u00e0 Monreale.<\/p>\n<p><img loading=\"lazy\" decoding=\"async\" class=\"alignleft size-medium wp-image-25618\" src=\"http:\/\/constantinianorder.net\/wp-content\/uploads\/2018\/02\/monreale-2-distribuzione-300x225.jpg\" alt=\"monreale 2 distribuzione\" width=\"300\" height=\"225\" \/><\/p>\n","protected":false},"excerpt":{"rendered":"<p>Le 6 f\u00e9vrier le Vice D\u00e9l\u00e9gu\u00e9 pour la Sicile, M. Antonio Di Janni, a \u00e9t\u00e9 accueilli par Mons. Domenico Mogavero. Pendant leur rencontre le Vice D\u00e9l\u00e9gu\u00e9 a d\u00e9crit toutes les activit\u00e9s charitables de l\u2019Ordre en Sicile, en particulier celles qui concernent le projet \u201cBriciole di Salute\u201d qui est n\u00e9 \u00e0 Monreale il y a quatre [&hellip;]<\/p>\n","protected":false},"author":1,"featured_media":0,"comment_status":"closed","ping_status":"open","sticky":false,"template":"","format":"standard","meta":{"footnotes":""},"categories":[166],"tags":[],"class_list":["post-25281","post","type-post","status-publish","format-standard","hentry","category-delegation-de-la-sicile"],"_links":{"self":[{"href":"https:\/\/svil.constantinianorder.com\/fr\/wp-json\/wp\/v2\/posts\/25281","targetHints":{"allow":["GET"]}}],"collection":[{"href":"https:\/\/svil.constantinianorder.com\/fr\/wp-json\/wp\/v2\/posts"}],"about":[{"href":"https:\/\/svil.constantinianorder.com\/fr\/wp-json\/wp\/v2\/types\/post"}],"author":[{"embeddable":true,"href":"https:\/\/svil.constantinianorder.com\/fr\/wp-json\/wp\/v2\/users\/1"}],"replies":[{"embeddable":true,"href":"https:\/\/svil.constantinianorder.com\/fr\/wp-json\/wp\/v2\/comments?post=25281"}],"version-history":[{"count":1,"href":"https:\/\/svil.constantinianorder.com\/fr\/wp-json\/wp\/v2\/posts\/25281\/revisions"}],"predecessor-version":[{"id":57695,"href":"https:\/\/svil.constantinianorder.com\/fr\/wp-json\/wp\/v2\/posts\/25281\/revisions\/57695"}],"wp:attachment":[{"href":"https:\/\/svil.constantinianorder.com\/fr\/wp-json\/wp\/v2\/media?parent=25281"}],"wp:term":[{"taxonomy":"category","embeddable":true,"href":"https:\/\/svil.constantinianorder.com\/fr\/wp-json\/wp\/v2\/categories?post=25281"},{"taxonomy":"post_tag","embeddable":true,"href":"https:\/\/svil.constantinianorder.com\/fr\/wp-json\/wp\/v2\/tags?post=25281"}],"curies":[{"name":"wp","href":"https:\/\/api.w.org\/{rel}","templated":true}]}}