{"id":26221,"date":"2018-04-03T11:34:14","date_gmt":"2018-04-03T11:34:14","guid":{"rendered":"http:\/\/www.constantinianorder.net\/lombardia-attivita-della-delegazione-2\/"},"modified":"2026-01-15T17:26:58","modified_gmt":"2026-01-15T17:26:58","slug":"lombardie-activites-de-la-delegation","status":"publish","type":"post","link":"https:\/\/svil.constantinianorder.com\/fr\/lombardie-activites-de-la-delegation\/","title":{"rendered":"LOMBARDIE: ACTIVITES DE LA DELEGATION"},"content":{"rendered":"<p><img loading=\"lazy\" decoding=\"async\" class=\"alignleft size-medium wp-image-26215\" src=\"http:\/\/constantinianorder.net\/wp-content\/uploads\/2018\/04\/bergamoo-300x225.jpg\" alt=\"bergamoo\" width=\"300\" height=\"225\" \/><strong>Bergamo, 31 mars 2018<\/strong>. Le Repr\u00e9sentant pour la ville de Bergamo, M.lle Veronica Grillo, en compagnie des Chevaliers de la d\u00e9l\u00e9gation, a livr\u00e9 beaucup de serviettes pour enfants, d&rsquo;aliments et de cadeaux de P\u00e2ques au responsable de la Caritas de Treviglio, Don Vincenzo Bosisio. Ces produits seront livr\u00e9s aux familles n\u00e9cessiteuses du territoire. La donation fait partie du projet \u00ab\u00a0Briciole di Salute\u00a0\u00bb, qui est tr\u00e8s actif en Italie.<\/p>\n<p>&nbsp;<\/p>\n<p>&nbsp;<\/p>\n<p>&nbsp;<\/p>\n<p><img loading=\"lazy\" decoding=\"async\" class=\"alignleft size-medium wp-image-26217\" src=\"http:\/\/constantinianorder.net\/wp-content\/uploads\/2018\/04\/berg-1-300x225.jpg\" alt=\"berg\" width=\"300\" height=\"225\" \/><strong>La m\u00eame journ\u00e9e<\/strong>, un groupe de Chavaliers et de Dames de Brescia et de Bergamo ont particip\u00e9 \u00e0 la Veill\u00e9e de P\u00e2ques, c\u00e9l\u00e9br\u00e9e par Msgr. Arnaldo Morandi, Prieur de la d\u00e9l\u00e9gation. La liturgie s&rsquo;est tenue \u00e0 <strong>Brescia<\/strong> dans la parroisse de <em>San Gottardo<\/em>. Beaucoup de draps de lit, dessus-de-lit et de taies d&rsquo;oreiller ont \u00e9t\u00e9 offerts aux prisons de la ville.<\/p>\n<p>&nbsp;<\/p>\n<p>&nbsp;<\/p>\n<p>&nbsp;<\/p>\n","protected":false},"excerpt":{"rendered":"<p>Bergamo, 31 mars 2018. Le Repr\u00e9sentant pour la ville de Bergamo, M.lle Veronica Grillo, en compagnie des Chevaliers de la d\u00e9l\u00e9gation, a livr\u00e9 beaucup de serviettes pour enfants, d&rsquo;aliments et de cadeaux de P\u00e2ques au responsable de la Caritas de Treviglio, Don Vincenzo Bosisio. Ces produits seront livr\u00e9s aux familles n\u00e9cessiteuses du territoire. La donation [&hellip;]<\/p>\n","protected":false},"author":1,"featured_media":0,"comment_status":"closed","ping_status":"open","sticky":false,"template":"","format":"standard","meta":{"footnotes":""},"categories":[152],"tags":[],"class_list":["post-26221","post","type-post","status-publish","format-standard","hentry","category-delegation-de-lombardie"],"_links":{"self":[{"href":"https:\/\/svil.constantinianorder.com\/fr\/wp-json\/wp\/v2\/posts\/26221","targetHints":{"allow":["GET"]}}],"collection":[{"href":"https:\/\/svil.constantinianorder.com\/fr\/wp-json\/wp\/v2\/posts"}],"about":[{"href":"https:\/\/svil.constantinianorder.com\/fr\/wp-json\/wp\/v2\/types\/post"}],"author":[{"embeddable":true,"href":"https:\/\/svil.constantinianorder.com\/fr\/wp-json\/wp\/v2\/users\/1"}],"replies":[{"embeddable":true,"href":"https:\/\/svil.constantinianorder.com\/fr\/wp-json\/wp\/v2\/comments?post=26221"}],"version-history":[{"count":1,"href":"https:\/\/svil.constantinianorder.com\/fr\/wp-json\/wp\/v2\/posts\/26221\/revisions"}],"predecessor-version":[{"id":57845,"href":"https:\/\/svil.constantinianorder.com\/fr\/wp-json\/wp\/v2\/posts\/26221\/revisions\/57845"}],"wp:attachment":[{"href":"https:\/\/svil.constantinianorder.com\/fr\/wp-json\/wp\/v2\/media?parent=26221"}],"wp:term":[{"taxonomy":"category","embeddable":true,"href":"https:\/\/svil.constantinianorder.com\/fr\/wp-json\/wp\/v2\/categories?post=26221"},{"taxonomy":"post_tag","embeddable":true,"href":"https:\/\/svil.constantinianorder.com\/fr\/wp-json\/wp\/v2\/tags?post=26221"}],"curies":[{"name":"wp","href":"https:\/\/api.w.org\/{rel}","templated":true}]}}