{"id":27286,"date":"2018-04-17T12:45:15","date_gmt":"2018-04-17T12:45:15","guid":{"rendered":"http:\/\/www.constantinianorder.net\/il-duca-di-castro-gran-maestro-ricevuto-dal-luogotenente-di-gran-maestro-del-sovrano-ordine-di-malta-2\/"},"modified":"2026-01-15T17:28:31","modified_gmt":"2026-01-15T17:28:31","slug":"sar-le-duc-de-castro-grand-maitre-a-ete-accueilli-par-le-lieutenant-de-grand-maitre-de-lordre-de-malte","status":"publish","type":"post","link":"https:\/\/svil.constantinianorder.com\/fr\/sar-le-duc-de-castro-grand-maitre-a-ete-accueilli-par-le-lieutenant-de-grand-maitre-de-lordre-de-malte\/","title":{"rendered":"SAR le Duc de Castro, Grand Ma\u00eetre, a \u00e9t\u00e9 accueilli par le Lieutenant de Grand Ma\u00eetre de l&rsquo;Ordre de Malte"},"content":{"rendered":"<p><img loading=\"lazy\" decoding=\"async\" class=\"alignleft size-medium wp-image-27282\" src=\"http:\/\/constantinianorder.net\/wp-content\/uploads\/2018\/04\/Foto-Duca-di-Castro-e-Luogotenente-del-Gran-Maestro-300x221.jpg\" alt=\"Foto Duca di Castro e Luogotenente del Gran Maestro\" width=\"300\" height=\"221\" \/><\/p>\n<p>&nbsp;<\/p>\n<p>&nbsp;<\/p>\n<p>&nbsp;<\/p>\n<p>&nbsp;<\/p>\n<p>&nbsp;<\/p>\n<p>&nbsp;<\/p>\n<p>&nbsp;<\/p>\n<p>Samedi 17 avril 2018 \u00e0 16h S.A.R. le Prince Charles de Bourbon des Deux Siciles, Duc de Castro, Chef de la Maison Royale des Deux Siciles et Grand Ma\u00eetre, a \u00e9t\u00e9 accuielli par S.E. Fra&rsquo; Giacomo Dalla Torre del Tempio di Sanguinetto,\u00a0Lieutenant de Grand Ma\u00eetre de l&rsquo;Ordre de Malte.<\/p>\n<p>&nbsp;<\/p>\n<p><img loading=\"lazy\" decoding=\"async\" class=\"alignleft size-medium wp-image-27281\" src=\"http:\/\/constantinianorder.net\/wp-content\/uploads\/2018\/04\/IMG_2438-300x267.jpg\" alt=\"IMG_2438\" width=\"300\" height=\"267\" \/><\/p>\n","protected":false},"excerpt":{"rendered":"<p>&nbsp; &nbsp; &nbsp; &nbsp; &nbsp; &nbsp; &nbsp; Samedi 17 avril 2018 \u00e0 16h S.A.R. le Prince Charles de Bourbon des Deux Siciles, Duc de Castro, Chef de la Maison Royale des Deux Siciles et Grand Ma\u00eetre, a \u00e9t\u00e9 accuielli par S.E. Fra&rsquo; Giacomo Dalla Torre del Tempio di Sanguinetto,\u00a0Lieutenant de Grand Ma\u00eetre de l&rsquo;Ordre de [&hellip;]<\/p>\n","protected":false},"author":1,"featured_media":0,"comment_status":"closed","ping_status":"open","sticky":false,"template":"","format":"standard","meta":{"footnotes":""},"categories":[186],"tags":[],"class_list":["post-27286","post","type-post","status-publish","format-standard","hentry","category-communiques-du-grand-magistere"],"_links":{"self":[{"href":"https:\/\/svil.constantinianorder.com\/fr\/wp-json\/wp\/v2\/posts\/27286","targetHints":{"allow":["GET"]}}],"collection":[{"href":"https:\/\/svil.constantinianorder.com\/fr\/wp-json\/wp\/v2\/posts"}],"about":[{"href":"https:\/\/svil.constantinianorder.com\/fr\/wp-json\/wp\/v2\/types\/post"}],"author":[{"embeddable":true,"href":"https:\/\/svil.constantinianorder.com\/fr\/wp-json\/wp\/v2\/users\/1"}],"replies":[{"embeddable":true,"href":"https:\/\/svil.constantinianorder.com\/fr\/wp-json\/wp\/v2\/comments?post=27286"}],"version-history":[{"count":1,"href":"https:\/\/svil.constantinianorder.com\/fr\/wp-json\/wp\/v2\/posts\/27286\/revisions"}],"predecessor-version":[{"id":58038,"href":"https:\/\/svil.constantinianorder.com\/fr\/wp-json\/wp\/v2\/posts\/27286\/revisions\/58038"}],"wp:attachment":[{"href":"https:\/\/svil.constantinianorder.com\/fr\/wp-json\/wp\/v2\/media?parent=27286"}],"wp:term":[{"taxonomy":"category","embeddable":true,"href":"https:\/\/svil.constantinianorder.com\/fr\/wp-json\/wp\/v2\/categories?post=27286"},{"taxonomy":"post_tag","embeddable":true,"href":"https:\/\/svil.constantinianorder.com\/fr\/wp-json\/wp\/v2\/tags?post=27286"}],"curies":[{"name":"wp","href":"https:\/\/api.w.org\/{rel}","templated":true}]}}