{"id":27319,"date":"2018-04-26T15:13:52","date_gmt":"2018-04-26T15:13:52","guid":{"rendered":"http:\/\/www.constantinianorder.net\/toscana-solenne-celebrazione-per-s-marco-patrono-di-avenza-2\/"},"modified":"2026-01-15T17:29:31","modified_gmt":"2026-01-15T17:29:31","slug":"toscane-liturgie-solennelle-pour-saint-mark","status":"publish","type":"post","link":"https:\/\/svil.constantinianorder.com\/fr\/toscane-liturgie-solennelle-pour-saint-mark\/","title":{"rendered":"TOSCANE: LITURGIE SOLENNELLE POUR SAINT MARK"},"content":{"rendered":"<p><strong><img loading=\"lazy\" decoding=\"async\" class=\"alignleft size-medium wp-image-27315\" src=\"http:\/\/constantinianorder.net\/wp-content\/uploads\/2018\/04\/toscana-26-apr_1-1-300x225.jpg\" alt=\"toscana 26 apr_1\" width=\"300\" height=\"225\" \/><\/strong><\/p>\n<p>&nbsp;<\/p>\n<p>&nbsp;<\/p>\n<p>&nbsp;<\/p>\n<p>&nbsp;<\/p>\n<p>&nbsp;<\/p>\n<p>&nbsp;<\/p>\n<p>&nbsp;<\/p>\n<p><strong>Avenza, 25 avril 2018<\/strong>. Les Chaveliers et les Dames de la d\u00e9l\u00e9gation de Toscane, guid\u00e9s par leur Vice D\u00e9l\u00e9gu\u00e9, ont particip\u00e9 \u00e0 la liturgie solennelle pour Saint Mark.<\/p>\n<p>&nbsp;<\/p>\n<p><img loading=\"lazy\" decoding=\"async\" class=\"alignleft size-medium wp-image-27316\" src=\"http:\/\/constantinianorder.net\/wp-content\/uploads\/2018\/04\/toscana-26-aprile-1-300x225.jpg\" alt=\"toscana 26 aprile\" width=\"300\" height=\"225\" \/><\/p>\n","protected":false},"excerpt":{"rendered":"<p>&nbsp; &nbsp; &nbsp; &nbsp; &nbsp; &nbsp; &nbsp; Avenza, 25 avril 2018. Les Chaveliers et les Dames de la d\u00e9l\u00e9gation de Toscane, guid\u00e9s par leur Vice D\u00e9l\u00e9gu\u00e9, ont particip\u00e9 \u00e0 la liturgie solennelle pour Saint Mark. &nbsp;<\/p>\n","protected":false},"author":1,"featured_media":0,"comment_status":"closed","ping_status":"open","sticky":false,"template":"","format":"standard","meta":{"footnotes":""},"categories":[170],"tags":[],"class_list":["post-27319","post","type-post","status-publish","format-standard","hentry","category-delegation-de-toscane"],"_links":{"self":[{"href":"https:\/\/svil.constantinianorder.com\/fr\/wp-json\/wp\/v2\/posts\/27319","targetHints":{"allow":["GET"]}}],"collection":[{"href":"https:\/\/svil.constantinianorder.com\/fr\/wp-json\/wp\/v2\/posts"}],"about":[{"href":"https:\/\/svil.constantinianorder.com\/fr\/wp-json\/wp\/v2\/types\/post"}],"author":[{"embeddable":true,"href":"https:\/\/svil.constantinianorder.com\/fr\/wp-json\/wp\/v2\/users\/1"}],"replies":[{"embeddable":true,"href":"https:\/\/svil.constantinianorder.com\/fr\/wp-json\/wp\/v2\/comments?post=27319"}],"version-history":[{"count":1,"href":"https:\/\/svil.constantinianorder.com\/fr\/wp-json\/wp\/v2\/posts\/27319\/revisions"}],"predecessor-version":[{"id":58159,"href":"https:\/\/svil.constantinianorder.com\/fr\/wp-json\/wp\/v2\/posts\/27319\/revisions\/58159"}],"wp:attachment":[{"href":"https:\/\/svil.constantinianorder.com\/fr\/wp-json\/wp\/v2\/media?parent=27319"}],"wp:term":[{"taxonomy":"category","embeddable":true,"href":"https:\/\/svil.constantinianorder.com\/fr\/wp-json\/wp\/v2\/categories?post=27319"},{"taxonomy":"post_tag","embeddable":true,"href":"https:\/\/svil.constantinianorder.com\/fr\/wp-json\/wp\/v2\/tags?post=27319"}],"curies":[{"name":"wp","href":"https:\/\/api.w.org\/{rel}","templated":true}]}}