{"id":27397,"date":"2018-04-30T10:13:06","date_gmt":"2018-04-30T10:13:06","guid":{"rendered":"http:\/\/www.constantinianorder.net\/piemonte-e-valle-daosta-solenne-celebrazione-di-s-giorgio-2\/"},"modified":"2026-01-15T17:29:40","modified_gmt":"2026-01-15T17:29:40","slug":"piemont-et-vallee-daoste-liturgie-solennelle-pour-saint-georges","status":"publish","type":"post","link":"https:\/\/svil.constantinianorder.com\/fr\/piemont-et-vallee-daoste-liturgie-solennelle-pour-saint-georges\/","title":{"rendered":"PIEMONT ET VALLEE D&rsquo;AOSTE: LITURGIE SOLENNELLE POUR SAINT GEORGES"},"content":{"rendered":"<p><img loading=\"lazy\" decoding=\"async\" class=\"alignleft size-medium wp-image-27393\" src=\"http:\/\/constantinianorder.net\/wp-content\/uploads\/2018\/05\/piemonte-2-maggio_1-300x298.jpg\" alt=\"piemonte 2 maggio_1\" width=\"300\" height=\"298\" \/><\/p>\n<p>&nbsp;<\/p>\n<p>&nbsp;<\/p>\n<p>&nbsp;<\/p>\n<p>&nbsp;<\/p>\n<p>&nbsp;<\/p>\n<p>&nbsp;<\/p>\n<p>&nbsp;<\/p>\n<p>&nbsp;<\/p>\n<p>&nbsp;<\/p>\n<p>Le 28 avril 2018 P\u00e8re Augusto Piccoli a c\u00e9l\u00e9br\u00e9 une messe solennelle en occasion de la f\u00eate de Saint Georges. A la fin de la liturgie, M. Roberto Piccinini, Repr\u00e9sentant de la ville d&rsquo;Alessandria, a exprim\u00e9 la volont\u00e9 de la d\u00e9l\u00e9gation d&rsquo;offrir des aliments \u00e0 la cantine de la Caritas dioc\u00e9saine d&rsquo;ici \u00e0 la fin du mois de septembre.<\/p>\n<p>&nbsp;<\/p>\n<p><img loading=\"lazy\" decoding=\"async\" class=\"alignleft size-medium wp-image-27392\" src=\"http:\/\/constantinianorder.net\/wp-content\/uploads\/2018\/05\/piemonte-2-maggio-233x300.jpg\" alt=\"piemonte 2 maggio\" width=\"233\" height=\"300\" \/><\/p>\n","protected":false},"excerpt":{"rendered":"<p>&nbsp; &nbsp; &nbsp; &nbsp; &nbsp; &nbsp; &nbsp; &nbsp; &nbsp; Le 28 avril 2018 P\u00e8re Augusto Piccoli a c\u00e9l\u00e9br\u00e9 une messe solennelle en occasion de la f\u00eate de Saint Georges. A la fin de la liturgie, M. Roberto Piccinini, Repr\u00e9sentant de la ville d&rsquo;Alessandria, a exprim\u00e9 la volont\u00e9 de la d\u00e9l\u00e9gation d&rsquo;offrir des aliments \u00e0 la [&hellip;]<\/p>\n","protected":false},"author":1,"featured_media":0,"comment_status":"closed","ping_status":"open","sticky":false,"template":"","format":"standard","meta":{"footnotes":""},"categories":[174],"tags":[],"class_list":["post-27397","post","type-post","status-publish","format-standard","hentry","category-delegation-du-piemont-et-de-la-vallee-daoste"],"_links":{"self":[{"href":"https:\/\/svil.constantinianorder.com\/fr\/wp-json\/wp\/v2\/posts\/27397","targetHints":{"allow":["GET"]}}],"collection":[{"href":"https:\/\/svil.constantinianorder.com\/fr\/wp-json\/wp\/v2\/posts"}],"about":[{"href":"https:\/\/svil.constantinianorder.com\/fr\/wp-json\/wp\/v2\/types\/post"}],"author":[{"embeddable":true,"href":"https:\/\/svil.constantinianorder.com\/fr\/wp-json\/wp\/v2\/users\/1"}],"replies":[{"embeddable":true,"href":"https:\/\/svil.constantinianorder.com\/fr\/wp-json\/wp\/v2\/comments?post=27397"}],"version-history":[{"count":1,"href":"https:\/\/svil.constantinianorder.com\/fr\/wp-json\/wp\/v2\/posts\/27397\/revisions"}],"predecessor-version":[{"id":58175,"href":"https:\/\/svil.constantinianorder.com\/fr\/wp-json\/wp\/v2\/posts\/27397\/revisions\/58175"}],"wp:attachment":[{"href":"https:\/\/svil.constantinianorder.com\/fr\/wp-json\/wp\/v2\/media?parent=27397"}],"wp:term":[{"taxonomy":"category","embeddable":true,"href":"https:\/\/svil.constantinianorder.com\/fr\/wp-json\/wp\/v2\/categories?post=27397"},{"taxonomy":"post_tag","embeddable":true,"href":"https:\/\/svil.constantinianorder.com\/fr\/wp-json\/wp\/v2\/tags?post=27397"}],"curies":[{"name":"wp","href":"https:\/\/api.w.org\/{rel}","templated":true}]}}