{"id":27905,"date":"2018-05-23T15:57:16","date_gmt":"2018-05-23T15:57:16","guid":{"rendered":"http:\/\/www.constantinianorder.net\/toscana-festa-di-santa-giulia-a-livorno-2\/"},"modified":"2026-01-15T17:30:27","modified_gmt":"2026-01-15T17:30:27","slug":"toscane-st-giulia-a-livorno","status":"publish","type":"post","link":"https:\/\/svil.constantinianorder.com\/fr\/toscane-st-giulia-a-livorno\/","title":{"rendered":"TOSCANE: ST. GIULIA A LIVORNO"},"content":{"rendered":"<p><img loading=\"lazy\" decoding=\"async\" class=\"size-medium wp-image-27897 alignleft\" src=\"http:\/\/constantinianorder.net\/wp-content\/uploads\/2018\/05\/toscana2-184x300.jpg\" alt=\"toscana2\" width=\"184\" height=\"300\" \/><img loading=\"lazy\" decoding=\"async\" class=\"aligncenter size-medium wp-image-27896\" src=\"http:\/\/constantinianorder.net\/wp-content\/uploads\/2018\/05\/toscana1-225x300.jpg\" alt=\"toscana1\" width=\"225\" height=\"300\" \/><\/p>\n<p><strong>Livorno,\u00a0 22 mai 2018.<\/strong> Le Prieur de la d\u00e9l\u00e9gation de Toscane, Son Eminence R\u00e9v\u00e9r\u00e9ndissime Msgr. Simone Giusti, Archev\u00eaque de Livorno, a c\u00e9l\u00e9br\u00e9 une messe solennelle pour la f\u00eate de Sainte Giulia. Beaucoup de Chevaliers et de Dames, guid\u00e9s par le Vice D\u00e9l\u00e9gu\u00e9 M. Puccetti, ont particip\u00e9 \u00e0 cette importante liturgie. Ensuite s\u2019est tenue une proc\u00e9ssion par les rues de la ville. Il y avait les autorit\u00e9s civiles et militaires aussi. Une fois rentr\u00e9 dans la cath\u00e9drale, Msgr. Giusti a b\u00e9ni tous les participants.<\/p>\n","protected":false},"excerpt":{"rendered":"<p>Livorno,\u00a0 22 mai 2018. Le Prieur de la d\u00e9l\u00e9gation de Toscane, Son Eminence R\u00e9v\u00e9r\u00e9ndissime Msgr. Simone Giusti, Archev\u00eaque de Livorno, a c\u00e9l\u00e9br\u00e9 une messe solennelle pour la f\u00eate de Sainte Giulia. Beaucoup de Chevaliers et de Dames, guid\u00e9s par le Vice D\u00e9l\u00e9gu\u00e9 M. Puccetti, ont particip\u00e9 \u00e0 cette importante liturgie. Ensuite s\u2019est tenue une proc\u00e9ssion [&hellip;]<\/p>\n","protected":false},"author":1,"featured_media":0,"comment_status":"closed","ping_status":"open","sticky":false,"template":"","format":"standard","meta":{"footnotes":""},"categories":[170],"tags":[],"class_list":["post-27905","post","type-post","status-publish","format-standard","hentry","category-delegation-de-toscane"],"_links":{"self":[{"href":"https:\/\/svil.constantinianorder.com\/fr\/wp-json\/wp\/v2\/posts\/27905","targetHints":{"allow":["GET"]}}],"collection":[{"href":"https:\/\/svil.constantinianorder.com\/fr\/wp-json\/wp\/v2\/posts"}],"about":[{"href":"https:\/\/svil.constantinianorder.com\/fr\/wp-json\/wp\/v2\/types\/post"}],"author":[{"embeddable":true,"href":"https:\/\/svil.constantinianorder.com\/fr\/wp-json\/wp\/v2\/users\/1"}],"replies":[{"embeddable":true,"href":"https:\/\/svil.constantinianorder.com\/fr\/wp-json\/wp\/v2\/comments?post=27905"}],"version-history":[{"count":1,"href":"https:\/\/svil.constantinianorder.com\/fr\/wp-json\/wp\/v2\/posts\/27905\/revisions"}],"predecessor-version":[{"id":58271,"href":"https:\/\/svil.constantinianorder.com\/fr\/wp-json\/wp\/v2\/posts\/27905\/revisions\/58271"}],"wp:attachment":[{"href":"https:\/\/svil.constantinianorder.com\/fr\/wp-json\/wp\/v2\/media?parent=27905"}],"wp:term":[{"taxonomy":"category","embeddable":true,"href":"https:\/\/svil.constantinianorder.com\/fr\/wp-json\/wp\/v2\/categories?post=27905"},{"taxonomy":"post_tag","embeddable":true,"href":"https:\/\/svil.constantinianorder.com\/fr\/wp-json\/wp\/v2\/tags?post=27905"}],"curies":[{"name":"wp","href":"https:\/\/api.w.org\/{rel}","templated":true}]}}