{"id":28134,"date":"2018-06-05T10:28:22","date_gmt":"2018-06-05T10:28:22","guid":{"rendered":"http:\/\/www.constantinianorder.net\/francia-cerimonia-a-parigi-2\/"},"modified":"2026-01-15T17:30:50","modified_gmt":"2026-01-15T17:30:50","slug":"france-ceremonie-a-paris","status":"publish","type":"post","link":"https:\/\/svil.constantinianorder.com\/fr\/france-ceremonie-a-paris\/","title":{"rendered":"FRANCE: CEREMONIE A PARIS"},"content":{"rendered":"<p><img loading=\"lazy\" decoding=\"async\" class=\"aligncenter size-medium wp-image-28131\" src=\"http:\/\/constantinianorder.net\/wp-content\/uploads\/2018\/06\/francia2-300x225.jpg\" alt=\"francia2\" width=\"300\" height=\"225\" \/><\/p>\n<p>S&rsquo;est tenue une messe capitulaire organis\u00e9e par la D\u00e9l\u00e9gation Fran\u00e7aise et c\u00e9l\u00e9br\u00e9e par S.E. Monseigneur Luc Ravel, archev\u00eaque concordataire de Strasbourg le jeudi 31 mai, jour de la f\u00eate de la Visitation, en l&rsquo;\u00e9glise Saint-Roch \u00e0 Paris. S&rsquo;est tenue aussi\u00a0l&rsquo;investiture de Monsieur l&rsquo;Abb\u00e9 Thierry Laurent, cur\u00e9 titulaire de la Paroisse et conseiller juridique du Nonce Apostolique \u00e0 Paris comme Chevalier de M\u00e9rite eccl\u00e9siastique.<\/p>\n<p><img loading=\"lazy\" decoding=\"async\" class=\"size-medium wp-image-28130 alignleft\" src=\"http:\/\/constantinianorder.net\/wp-content\/uploads\/2018\/06\/francia1-225x300.jpg\" alt=\"francia1\" width=\"225\" height=\"300\" \/><\/p>\n<p>&nbsp;<\/p>\n<p><img loading=\"lazy\" decoding=\"async\" class=\"aligncenter size-medium wp-image-28129\" src=\"http:\/\/constantinianorder.net\/wp-content\/uploads\/2018\/06\/francia-300x225.jpg\" alt=\"francia\" width=\"300\" height=\"225\" \/><\/p>\n","protected":false},"excerpt":{"rendered":"<p>S&rsquo;est tenue une messe capitulaire organis\u00e9e par la D\u00e9l\u00e9gation Fran\u00e7aise et c\u00e9l\u00e9br\u00e9e par S.E. Monseigneur Luc Ravel, archev\u00eaque concordataire de Strasbourg le jeudi 31 mai, jour de la f\u00eate de la Visitation, en l&rsquo;\u00e9glise Saint-Roch \u00e0 Paris. S&rsquo;est tenue aussi\u00a0l&rsquo;investiture de Monsieur l&rsquo;Abb\u00e9 Thierry Laurent, cur\u00e9 titulaire de la Paroisse et conseiller juridique du Nonce [&hellip;]<\/p>\n","protected":false},"author":1,"featured_media":0,"comment_status":"closed","ping_status":"open","sticky":false,"template":"","format":"standard","meta":{"footnotes":""},"categories":[205],"tags":[],"class_list":["post-28134","post","type-post","status-publish","format-standard","hentry","category-delegation-de-france"],"_links":{"self":[{"href":"https:\/\/svil.constantinianorder.com\/fr\/wp-json\/wp\/v2\/posts\/28134","targetHints":{"allow":["GET"]}}],"collection":[{"href":"https:\/\/svil.constantinianorder.com\/fr\/wp-json\/wp\/v2\/posts"}],"about":[{"href":"https:\/\/svil.constantinianorder.com\/fr\/wp-json\/wp\/v2\/types\/post"}],"author":[{"embeddable":true,"href":"https:\/\/svil.constantinianorder.com\/fr\/wp-json\/wp\/v2\/users\/1"}],"replies":[{"embeddable":true,"href":"https:\/\/svil.constantinianorder.com\/fr\/wp-json\/wp\/v2\/comments?post=28134"}],"version-history":[{"count":1,"href":"https:\/\/svil.constantinianorder.com\/fr\/wp-json\/wp\/v2\/posts\/28134\/revisions"}],"predecessor-version":[{"id":58321,"href":"https:\/\/svil.constantinianorder.com\/fr\/wp-json\/wp\/v2\/posts\/28134\/revisions\/58321"}],"wp:attachment":[{"href":"https:\/\/svil.constantinianorder.com\/fr\/wp-json\/wp\/v2\/media?parent=28134"}],"wp:term":[{"taxonomy":"category","embeddable":true,"href":"https:\/\/svil.constantinianorder.com\/fr\/wp-json\/wp\/v2\/categories?post=28134"},{"taxonomy":"post_tag","embeddable":true,"href":"https:\/\/svil.constantinianorder.com\/fr\/wp-json\/wp\/v2\/tags?post=28134"}],"curies":[{"name":"wp","href":"https:\/\/api.w.org\/{rel}","templated":true}]}}