{"id":28256,"date":"2018-06-11T16:58:42","date_gmt":"2018-06-11T16:58:42","guid":{"rendered":"http:\/\/www.constantinianorder.net\/triveneto-corpus-domini-2018-2\/"},"modified":"2026-01-15T17:31:01","modified_gmt":"2026-01-15T17:31:01","slug":"triveneto-fete-du-saint-sacrement-2018","status":"publish","type":"post","link":"https:\/\/svil.constantinianorder.com\/fr\/triveneto-fete-du-saint-sacrement-2018\/","title":{"rendered":"TRIVENETO: FETE DU SAINT- SACREMENT 2018"},"content":{"rendered":"<p><img loading=\"lazy\" decoding=\"async\" class=\"size-medium wp-image-28253 alignleft\" src=\"http:\/\/constantinianorder.net\/wp-content\/uploads\/2018\/06\/Cattedrale-di-San-Giusto_Trieste-300x169.jpg\" alt=\"Cattedrale di San Giusto_Trieste\" width=\"300\" height=\"169\" \/><\/p>\n<p>&nbsp;<\/p>\n<p>&nbsp;<\/p>\n<p>&nbsp;<\/p>\n<p>&nbsp;<\/p>\n<p>&nbsp;<\/p>\n<p>Le 3 juin la d\u00e9l\u00e9gation du Triveneto a particip\u00e9 \u00e0 deux liturgies solennelles pour la F\u00eate du Saint-Sacrement. Certains Chevaliers sont all\u00e9s \u00e0 Venice aupr\u00e8s de la Cath\u00e9drale Saint Mark o\u00f9 Son Eminence Msgr. Moraglia a pr\u00e9sid\u00e9 la c\u00e9r\u00e9monie.<\/p>\n<p>D\u2019autres Chevaliers de l\u2019Ordre, en revanche, \u00e9taient \u00e0 Trieste aupr\u00e8s de la Cath\u00e9drale St. Giusto. Son Eminence Msgr. Crepaldi, archev\u00eaque de Trieste, a pr\u00e9sid\u00e9 la c\u00e9r\u00e9monie et \u00e9tait tr\u00e8s heureux quand il a vu beaucoup de Chevaliers Constantiniens qui participaient \u00e0 la c\u00e9r\u00e9monie. Le Prieur de la d\u00e9l\u00e9gation du Triveneto, le Vicaire G\u00e9n\u00e9ral de la dioc\u00e8se de Trieste et P\u00e8re Di Stefano ont particip\u00e9 aussi. Dans tous les cas, \u00e0 la fin des liturgies, il y a eu deux processions.<\/p>\n<p><img loading=\"lazy\" decoding=\"async\" class=\"size-medium wp-image-28252 alignleft\" src=\"http:\/\/constantinianorder.net\/wp-content\/uploads\/2018\/06\/Basilica-di-San-Marco_Venezia.-300x225.jpg\" alt=\"Basilica di San Marco_Venezia.\" width=\"300\" height=\"225\" \/><\/p>\n<p>&nbsp;<\/p>\n<p>&nbsp;<\/p>\n","protected":false},"excerpt":{"rendered":"<p>&nbsp; &nbsp; &nbsp; &nbsp; &nbsp; Le 3 juin la d\u00e9l\u00e9gation du Triveneto a particip\u00e9 \u00e0 deux liturgies solennelles pour la F\u00eate du Saint-Sacrement. Certains Chevaliers sont all\u00e9s \u00e0 Venice aupr\u00e8s de la Cath\u00e9drale Saint Mark o\u00f9 Son Eminence Msgr. Moraglia a pr\u00e9sid\u00e9 la c\u00e9r\u00e9monie. D\u2019autres Chevaliers de l\u2019Ordre, en revanche, \u00e9taient \u00e0 Trieste aupr\u00e8s de [&hellip;]<\/p>\n","protected":false},"author":1,"featured_media":0,"comment_status":"closed","ping_status":"open","sticky":false,"template":"","format":"standard","meta":{"footnotes":""},"categories":[213],"tags":[],"class_list":["post-28256","post","type-post","status-publish","format-standard","hentry","category-delegation-du-triveneto"],"_links":{"self":[{"href":"https:\/\/svil.constantinianorder.com\/fr\/wp-json\/wp\/v2\/posts\/28256","targetHints":{"allow":["GET"]}}],"collection":[{"href":"https:\/\/svil.constantinianorder.com\/fr\/wp-json\/wp\/v2\/posts"}],"about":[{"href":"https:\/\/svil.constantinianorder.com\/fr\/wp-json\/wp\/v2\/types\/post"}],"author":[{"embeddable":true,"href":"https:\/\/svil.constantinianorder.com\/fr\/wp-json\/wp\/v2\/users\/1"}],"replies":[{"embeddable":true,"href":"https:\/\/svil.constantinianorder.com\/fr\/wp-json\/wp\/v2\/comments?post=28256"}],"version-history":[{"count":1,"href":"https:\/\/svil.constantinianorder.com\/fr\/wp-json\/wp\/v2\/posts\/28256\/revisions"}],"predecessor-version":[{"id":58345,"href":"https:\/\/svil.constantinianorder.com\/fr\/wp-json\/wp\/v2\/posts\/28256\/revisions\/58345"}],"wp:attachment":[{"href":"https:\/\/svil.constantinianorder.com\/fr\/wp-json\/wp\/v2\/media?parent=28256"}],"wp:term":[{"taxonomy":"category","embeddable":true,"href":"https:\/\/svil.constantinianorder.com\/fr\/wp-json\/wp\/v2\/categories?post=28256"},{"taxonomy":"post_tag","embeddable":true,"href":"https:\/\/svil.constantinianorder.com\/fr\/wp-json\/wp\/v2\/tags?post=28256"}],"curies":[{"name":"wp","href":"https:\/\/api.w.org\/{rel}","templated":true}]}}