{"id":28350,"date":"2018-06-18T11:39:18","date_gmt":"2018-06-18T11:39:18","guid":{"rendered":"http:\/\/www.constantinianorder.net\/calabria-pranzo-della-fraternita-a-reggio-calabria-2\/"},"modified":"2026-01-15T17:31:13","modified_gmt":"2026-01-15T17:31:13","slug":"calabre-dejeuner-caritatif-a-reggio-de-calabre","status":"publish","type":"post","link":"https:\/\/svil.constantinianorder.com\/fr\/calabre-dejeuner-caritatif-a-reggio-de-calabre\/","title":{"rendered":"CALABRE: DEJEUNER CARITATIF A REGGIO DE CALABRE"},"content":{"rendered":"<p><strong><img loading=\"lazy\" decoding=\"async\" class=\"size-medium wp-image-28346 alignleft\" src=\"http:\/\/constantinianorder.net\/wp-content\/uploads\/2018\/06\/2-300x225.jpg\" alt=\"2\" width=\"300\" height=\"225\" \/><\/strong><\/p>\n<p>&nbsp;<\/p>\n<p>&nbsp;<\/p>\n<p>&nbsp;<\/p>\n<p>&nbsp;<\/p>\n<p>&nbsp;<\/p>\n<p>&nbsp;<\/p>\n<p>&nbsp;<\/p>\n<p><strong>13 juin 2018<\/strong>. Des Chevaliers et des Dames de la d\u00e9l\u00e9gation de Calabre ont d\u00e9cid\u00e9 d\u2019organiser et de partager un d\u00e9jeuner caritatif avec les personnes n\u00e9cessiteuses de la ville aupr\u00e8s de la Chiesa di Santa Maria della Candelora. La d\u00e9l\u00e9gation a travaill\u00e9 avec la caritas locale et avec une autre association caritative et a pr\u00e9par\u00e9 beaucoup de repas pour 150 personnes. L\u2019apr\u00e8s-midi a \u00e9t\u00e9 consacr\u00e9 aux r\u00e9flexions profondes, \u00e0 la pr\u00e9sence du Vice D\u00e9l\u00e9gu\u00e9 et de Msgr. Cannizzo, Vice Prieur.<\/p>\n<p>&nbsp;<\/p>\n<p><img loading=\"lazy\" decoding=\"async\" class=\"size-medium wp-image-28347 alignleft\" src=\"http:\/\/constantinianorder.net\/wp-content\/uploads\/2018\/06\/3-300x225.jpg\" alt=\"3\" width=\"300\" height=\"225\" \/><\/p>\n","protected":false},"excerpt":{"rendered":"<p>&nbsp; &nbsp; &nbsp; &nbsp; &nbsp; &nbsp; &nbsp; 13 juin 2018. Des Chevaliers et des Dames de la d\u00e9l\u00e9gation de Calabre ont d\u00e9cid\u00e9 d\u2019organiser et de partager un d\u00e9jeuner caritatif avec les personnes n\u00e9cessiteuses de la ville aupr\u00e8s de la Chiesa di Santa Maria della Candelora. La d\u00e9l\u00e9gation a travaill\u00e9 avec la caritas locale et avec [&hellip;]<\/p>\n","protected":false},"author":1,"featured_media":0,"comment_status":"closed","ping_status":"open","sticky":false,"template":"","format":"standard","meta":{"footnotes":""},"categories":[160],"tags":[],"class_list":["post-28350","post","type-post","status-publish","format-standard","hentry","category-delegation-de-la-calabre"],"_links":{"self":[{"href":"https:\/\/svil.constantinianorder.com\/fr\/wp-json\/wp\/v2\/posts\/28350","targetHints":{"allow":["GET"]}}],"collection":[{"href":"https:\/\/svil.constantinianorder.com\/fr\/wp-json\/wp\/v2\/posts"}],"about":[{"href":"https:\/\/svil.constantinianorder.com\/fr\/wp-json\/wp\/v2\/types\/post"}],"author":[{"embeddable":true,"href":"https:\/\/svil.constantinianorder.com\/fr\/wp-json\/wp\/v2\/users\/1"}],"replies":[{"embeddable":true,"href":"https:\/\/svil.constantinianorder.com\/fr\/wp-json\/wp\/v2\/comments?post=28350"}],"version-history":[{"count":1,"href":"https:\/\/svil.constantinianorder.com\/fr\/wp-json\/wp\/v2\/posts\/28350\/revisions"}],"predecessor-version":[{"id":58369,"href":"https:\/\/svil.constantinianorder.com\/fr\/wp-json\/wp\/v2\/posts\/28350\/revisions\/58369"}],"wp:attachment":[{"href":"https:\/\/svil.constantinianorder.com\/fr\/wp-json\/wp\/v2\/media?parent=28350"}],"wp:term":[{"taxonomy":"category","embeddable":true,"href":"https:\/\/svil.constantinianorder.com\/fr\/wp-json\/wp\/v2\/categories?post=28350"},{"taxonomy":"post_tag","embeddable":true,"href":"https:\/\/svil.constantinianorder.com\/fr\/wp-json\/wp\/v2\/tags?post=28350"}],"curies":[{"name":"wp","href":"https:\/\/api.w.org\/{rel}","templated":true}]}}