{"id":28439,"date":"2018-06-21T17:28:53","date_gmt":"2018-06-21T17:28:53","guid":{"rendered":"http:\/\/www.constantinianorder.net\/emilia-romagna-consegna-del-diploma-di-commendatore-di-merito-al-colonnello-tambe-2\/"},"modified":"2026-01-15T17:31:22","modified_gmt":"2026-01-15T17:31:22","slug":"emilie-romagne-livraison-du-diplome-au-colonel-tambe","status":"publish","type":"post","link":"https:\/\/svil.constantinianorder.com\/fr\/emilie-romagne-livraison-du-diplome-au-colonel-tambe\/","title":{"rendered":"EMILIE ROMAGNE: LIVRAISON DU DIPLOME AU COLONEL TAMBE\u2019"},"content":{"rendered":"<p><strong><img loading=\"lazy\" decoding=\"async\" class=\"size-medium wp-image-28435 alignleft\" src=\"http:\/\/constantinianorder.net\/wp-content\/uploads\/2018\/06\/emilia-romagna-201x300.jpg\" alt=\"emilia romagna\" width=\"201\" height=\"300\" \/><\/strong><\/p>\n<p><strong>Piacenza, 25 mai 2018<\/strong>. Pendant une c\u00e9r\u00e9monie priv\u00e9e qui s\u2019est tenue aupr\u00e8s de la <em>Caserma \u201cNicolai<\/em>\u201d, Col. Salvatore Tamb\u00e9 a re\u00e7u son dipl\u00f4me en tant que Commandeur de M\u00e9rite par le D\u00e9l\u00e9gu\u00e9, qui lui a exprim\u00e9 les felicitations de la d\u00e9l\u00e9gation. Avait particip\u00e9 aussi le Vice D\u00e9l\u00e9gu\u00e9, qui a donn\u00e9 au Colonel une copie des Chroniques Constantiniennes. Ensuite le Colonel a montr\u00e9 aux participants des vestiges remontant aux guerres mondiales.<\/p>\n<p><strong>\u00a0<\/strong><\/p>\n","protected":false},"excerpt":{"rendered":"<p>Piacenza, 25 mai 2018. Pendant une c\u00e9r\u00e9monie priv\u00e9e qui s\u2019est tenue aupr\u00e8s de la Caserma \u201cNicolai\u201d, Col. Salvatore Tamb\u00e9 a re\u00e7u son dipl\u00f4me en tant que Commandeur de M\u00e9rite par le D\u00e9l\u00e9gu\u00e9, qui lui a exprim\u00e9 les felicitations de la d\u00e9l\u00e9gation. Avait particip\u00e9 aussi le Vice D\u00e9l\u00e9gu\u00e9, qui a donn\u00e9 au Colonel une copie des [&hellip;]<\/p>\n","protected":false},"author":1,"featured_media":0,"comment_status":"closed","ping_status":"open","sticky":false,"template":"","format":"standard","meta":{"footnotes":""},"categories":[201],"tags":[],"class_list":["post-28439","post","type-post","status-publish","format-standard","hentry","category-delegation-de-lemilie-romagne"],"_links":{"self":[{"href":"https:\/\/svil.constantinianorder.com\/fr\/wp-json\/wp\/v2\/posts\/28439","targetHints":{"allow":["GET"]}}],"collection":[{"href":"https:\/\/svil.constantinianorder.com\/fr\/wp-json\/wp\/v2\/posts"}],"about":[{"href":"https:\/\/svil.constantinianorder.com\/fr\/wp-json\/wp\/v2\/types\/post"}],"author":[{"embeddable":true,"href":"https:\/\/svil.constantinianorder.com\/fr\/wp-json\/wp\/v2\/users\/1"}],"replies":[{"embeddable":true,"href":"https:\/\/svil.constantinianorder.com\/fr\/wp-json\/wp\/v2\/comments?post=28439"}],"version-history":[{"count":1,"href":"https:\/\/svil.constantinianorder.com\/fr\/wp-json\/wp\/v2\/posts\/28439\/revisions"}],"predecessor-version":[{"id":58389,"href":"https:\/\/svil.constantinianorder.com\/fr\/wp-json\/wp\/v2\/posts\/28439\/revisions\/58389"}],"wp:attachment":[{"href":"https:\/\/svil.constantinianorder.com\/fr\/wp-json\/wp\/v2\/media?parent=28439"}],"wp:term":[{"taxonomy":"category","embeddable":true,"href":"https:\/\/svil.constantinianorder.com\/fr\/wp-json\/wp\/v2\/categories?post=28439"},{"taxonomy":"post_tag","embeddable":true,"href":"https:\/\/svil.constantinianorder.com\/fr\/wp-json\/wp\/v2\/tags?post=28439"}],"curies":[{"name":"wp","href":"https:\/\/api.w.org\/{rel}","templated":true}]}}