{"id":28590,"date":"2018-07-09T11:47:56","date_gmt":"2018-07-09T11:47:56","guid":{"rendered":"http:\/\/www.constantinianorder.net\/sicilia-attivita-del-mese-di-luglio-2\/"},"modified":"2026-01-15T17:38:05","modified_gmt":"2026-01-15T17:38:05","slug":"siciles-activites-de-juillet","status":"publish","type":"post","link":"https:\/\/svil.constantinianorder.com\/fr\/siciles-activites-de-juillet\/","title":{"rendered":"SICILE: ACTIVITES DE JUILLET"},"content":{"rendered":"<p><img loading=\"lazy\" decoding=\"async\" class=\"size-medium wp-image-28586 alignleft\" src=\"http:\/\/constantinianorder.net\/wp-content\/uploads\/2018\/07\/opera-pia-300x267.jpg\" alt=\"opera pia\" width=\"300\" height=\"267\" \/><\/p>\n<p>Le 7 juillet le Vice d\u00e9l\u00e9gu\u00e9 et M.me Lo Monaco ont offert des aliments \u00e0 la maison de retraite Opera Pia Benedetto Balsamo de Monreale. \u00a0\u00a0\u00a0\u00a0 Premi\u00e8remen les produits avaient \u00e9t\u00e9 livr\u00e9s au Vice d\u00e9l\u00e9gu\u00e9 par des b\u00e9n\u00e9voles qui aident r\u00e9guli\u00e8rement la d\u00e9l\u00e9gation.<\/p>\n<p>&nbsp;<\/p>\n<p>&nbsp;<\/p>\n<p>&nbsp;<\/p>\n<p>&nbsp;<\/p>\n<p>&nbsp;<br \/>\n<img loading=\"lazy\" decoding=\"async\" class=\"size-medium wp-image-28587 alignleft\" src=\"http:\/\/constantinianorder.net\/wp-content\/uploads\/2018\/07\/s.-martino-delle-scale-235x300.jpg\" alt=\"s. martino delle scale\" width=\"235\" height=\"300\" \/>Le 4 e le 6 juillet le Vice d\u00e9l\u00e9gu\u00e9 et des chevaliers siciliens ont donn\u00e9 beaucoup de produits \u00e0 P\u00e8re Bernardo, responsable de la caritas de S. Martino delle Scale. La donation fait partie du projet Briciole di Salute.<\/p>\n<p>&nbsp;<\/p>\n<p>&nbsp;<\/p>\n<p>&nbsp;<\/p>\n<p>&nbsp;<\/p>\n<p>&nbsp;<\/p>\n<p>&nbsp;<\/p>\n<p>&nbsp;<br \/>\n<img loading=\"lazy\" decoding=\"async\" class=\"size-medium wp-image-28585 alignleft\" src=\"http:\/\/constantinianorder.net\/wp-content\/uploads\/2018\/07\/defibrill-300x169.jpg\" alt=\"defibrill\" width=\"300\" height=\"169\" \/>Le 6 juillet le Vice d\u00e9l\u00e9gu\u00e9 a offert un d\u00e9fibrillateur \u00e0 l\u2019association sportive sans buts lucratifs Katana Ryu Club, qui aide toujours les jeunes \u00e0 se d\u00e9barasser des drogues et de l\u2019alcool.<\/p>\n","protected":false},"excerpt":{"rendered":"<p>Le 7 juillet le Vice d\u00e9l\u00e9gu\u00e9 et M.me Lo Monaco ont offert des aliments \u00e0 la maison de retraite Opera Pia Benedetto Balsamo de Monreale. \u00a0\u00a0\u00a0\u00a0 Premi\u00e8remen les produits avaient \u00e9t\u00e9 livr\u00e9s au Vice d\u00e9l\u00e9gu\u00e9 par des b\u00e9n\u00e9voles qui aident r\u00e9guli\u00e8rement la d\u00e9l\u00e9gation. &nbsp; &nbsp; &nbsp; &nbsp; &nbsp; Le 4 e le 6 juillet le [&hellip;]<\/p>\n","protected":false},"author":1,"featured_media":0,"comment_status":"closed","ping_status":"open","sticky":false,"template":"","format":"standard","meta":{"footnotes":""},"categories":[166],"tags":[],"class_list":["post-28590","post","type-post","status-publish","format-standard","hentry","category-delegation-de-la-sicile"],"_links":{"self":[{"href":"https:\/\/svil.constantinianorder.com\/fr\/wp-json\/wp\/v2\/posts\/28590","targetHints":{"allow":["GET"]}}],"collection":[{"href":"https:\/\/svil.constantinianorder.com\/fr\/wp-json\/wp\/v2\/posts"}],"about":[{"href":"https:\/\/svil.constantinianorder.com\/fr\/wp-json\/wp\/v2\/types\/post"}],"author":[{"embeddable":true,"href":"https:\/\/svil.constantinianorder.com\/fr\/wp-json\/wp\/v2\/users\/1"}],"replies":[{"embeddable":true,"href":"https:\/\/svil.constantinianorder.com\/fr\/wp-json\/wp\/v2\/comments?post=28590"}],"version-history":[{"count":1,"href":"https:\/\/svil.constantinianorder.com\/fr\/wp-json\/wp\/v2\/posts\/28590\/revisions"}],"predecessor-version":[{"id":58420,"href":"https:\/\/svil.constantinianorder.com\/fr\/wp-json\/wp\/v2\/posts\/28590\/revisions\/58420"}],"wp:attachment":[{"href":"https:\/\/svil.constantinianorder.com\/fr\/wp-json\/wp\/v2\/media?parent=28590"}],"wp:term":[{"taxonomy":"category","embeddable":true,"href":"https:\/\/svil.constantinianorder.com\/fr\/wp-json\/wp\/v2\/categories?post=28590"},{"taxonomy":"post_tag","embeddable":true,"href":"https:\/\/svil.constantinianorder.com\/fr\/wp-json\/wp\/v2\/tags?post=28590"}],"curies":[{"name":"wp","href":"https:\/\/api.w.org\/{rel}","templated":true}]}}