{"id":29036,"date":"2018-08-28T17:26:57","date_gmt":"2018-08-28T17:26:57","guid":{"rendered":"https:\/\/www.constantinianorder.net\/saint-vincent-ao-donazione-18-agosto-2018-2\/"},"modified":"2026-01-15T17:38:50","modified_gmt":"2026-01-15T17:38:50","slug":"saint-vincent-ao-donations-du-mois-daout-2018","status":"publish","type":"post","link":"https:\/\/svil.constantinianorder.com\/fr\/saint-vincent-ao-donations-du-mois-daout-2018\/","title":{"rendered":"SAINT VINCENT (AO) &#8211; DONATIONS DU MOIS D&rsquo;AOUT 2018"},"content":{"rendered":"<p><img loading=\"lazy\" decoding=\"async\" class=\"alignleft size-medium wp-image-29005\" src=\"https:\/\/svil.constantinianorder.com\/wp-content\/uploads\/2018\/08\/IMG-20180818-WA0017-300x225.jpg\" alt=\"IMG-20180818-WA0017\" width=\"300\" height=\"225\" \/><\/p>\n<p>&nbsp;<\/p>\n<p>&nbsp;<\/p>\n<p>&nbsp;<\/p>\n<p>&nbsp;<\/p>\n<p>&nbsp;<\/p>\n<p>&nbsp;<\/p>\n<p>&nbsp;<\/p>\n<p>Le 18 ao\u00fbt dernier, une importante donation de denr\u00e9es alimentaires a \u00e9t\u00e9 faite par la Repr\u00e9sentation d\u2019Aoste, en collaboration avec\u00a0<em>Donors Italia<\/em>.<br \/>\nLe repr\u00e9sentant de la d\u00e9l\u00e9gation, M.Nicol\u00f2 Papurello,\u00a0en compagnie de quelques aspirants Chevaliers et Dames, a\u00a0\u00e9t\u00e9 remerci\u00e9 par les religieuses de l\u2019institut qui, \u00e0 l\u2019occasion, ont voulu conna\u00eetre les objectifs et les activit\u00e9s de l\u2019Ordre sur le territoire.<\/p>\n<p>&nbsp;<\/p>\n<p><img loading=\"lazy\" decoding=\"async\" class=\"alignnone size-medium wp-image-29087\" src=\"https:\/\/svil.constantinianorder.com\/wp-content\/uploads\/2018\/08\/IMG-20180828-WA0024-300x199.jpg\" alt=\"IMG-20180828-WA0024\" width=\"300\" height=\"199\" \/><\/p>\n<p>Le 28 ao\u00fbt 2018, des produits ont \u00e9t\u00e9 offerts \u00e0 \u00ab\u00a0Luca et Giulio Family Centre\u00a0\u00bb. La donation a \u00e9t\u00e9 organis\u00e9e par deux b\u00e9n\u00e9voles de la d\u00e9l\u00e9gation.<br \/>\nLe repr\u00e9sentant de Cuneo et l&rsquo;aum\u00f4nier de la repr\u00e9sentation ont assist\u00e9 \u00e0 la donation aussi.<\/p>\n","protected":false},"excerpt":{"rendered":"<p>&nbsp; &nbsp; &nbsp; &nbsp; &nbsp; &nbsp; &nbsp; Le 18 ao\u00fbt dernier, une importante donation de denr\u00e9es alimentaires a \u00e9t\u00e9 faite par la Repr\u00e9sentation d\u2019Aoste, en collaboration avec\u00a0Donors Italia. Le repr\u00e9sentant de la d\u00e9l\u00e9gation, M.Nicol\u00f2 Papurello,\u00a0en compagnie de quelques aspirants Chevaliers et Dames, a\u00a0\u00e9t\u00e9 remerci\u00e9 par les religieuses de l\u2019institut qui, \u00e0 l\u2019occasion, ont voulu conna\u00eetre [&hellip;]<\/p>\n","protected":false},"author":1,"featured_media":0,"comment_status":"closed","ping_status":"open","sticky":false,"template":"","format":"standard","meta":{"footnotes":""},"categories":[174],"tags":[],"class_list":["post-29036","post","type-post","status-publish","format-standard","hentry","category-delegation-du-piemont-et-de-la-vallee-daoste"],"_links":{"self":[{"href":"https:\/\/svil.constantinianorder.com\/fr\/wp-json\/wp\/v2\/posts\/29036","targetHints":{"allow":["GET"]}}],"collection":[{"href":"https:\/\/svil.constantinianorder.com\/fr\/wp-json\/wp\/v2\/posts"}],"about":[{"href":"https:\/\/svil.constantinianorder.com\/fr\/wp-json\/wp\/v2\/types\/post"}],"author":[{"embeddable":true,"href":"https:\/\/svil.constantinianorder.com\/fr\/wp-json\/wp\/v2\/users\/1"}],"replies":[{"embeddable":true,"href":"https:\/\/svil.constantinianorder.com\/fr\/wp-json\/wp\/v2\/comments?post=29036"}],"version-history":[{"count":1,"href":"https:\/\/svil.constantinianorder.com\/fr\/wp-json\/wp\/v2\/posts\/29036\/revisions"}],"predecessor-version":[{"id":58520,"href":"https:\/\/svil.constantinianorder.com\/fr\/wp-json\/wp\/v2\/posts\/29036\/revisions\/58520"}],"wp:attachment":[{"href":"https:\/\/svil.constantinianorder.com\/fr\/wp-json\/wp\/v2\/media?parent=29036"}],"wp:term":[{"taxonomy":"category","embeddable":true,"href":"https:\/\/svil.constantinianorder.com\/fr\/wp-json\/wp\/v2\/categories?post=29036"},{"taxonomy":"post_tag","embeddable":true,"href":"https:\/\/svil.constantinianorder.com\/fr\/wp-json\/wp\/v2\/tags?post=29036"}],"curies":[{"name":"wp","href":"https:\/\/api.w.org\/{rel}","templated":true}]}}