{"id":29107,"date":"2018-07-31T18:05:46","date_gmt":"2018-07-31T18:05:46","guid":{"rendered":"https:\/\/www.constantinianorder.net\/sicilia-noto-il-gran-prefetto-partecipa-alla-donazione-briciole-di-salute-e-incontro-col-vescovo-noto-2\/"},"modified":"2026-01-15T17:38:30","modified_gmt":"2026-01-15T17:38:30","slug":"sicile-le-grand-prefet-participe-a-une-donation-a-noto","status":"publish","type":"post","link":"https:\/\/svil.constantinianorder.com\/fr\/sicile-le-grand-prefet-participe-a-une-donation-a-noto\/","title":{"rendered":"SICILE\u2013 LE GRAND PREFET PARTICIPE A UNE DONATION A NOTO"},"content":{"rendered":"<p><img loading=\"lazy\" decoding=\"async\" class=\"alignleft size-medium wp-image-28926\" src=\"https:\/\/svil.constantinianorder.com\/wp-content\/uploads\/2018\/08\/visita-al-Vescovo-di-Noto-2-300x269.jpg\" alt=\"visita al Vescovo di Noto (2)\" width=\"300\" height=\"269\" \/><\/p>\n<p>Le 30 juillet, SAR la Princesse B\u00e9atrice de Bourbon des Deux Siciles, Grand Pr\u00e9fet, accompagn\u00e9e du\u00a0Vice D\u00e9l\u00e9gu\u00e9 et de quelques chevaliers, a visit\u00e9 la cantine de S. Corrado, dirig\u00e9e par le P\u00e8re Volantino.<br \/>\nLa cr\u00e9ation de cette cantine a \u00e9t\u00e9 vivement souhait\u00e9e par l&rsquo;\u00e9v\u00eaque de Noto S.E. Mgr. Antonio Staglian\u00f2.<br \/>\nA cette occasion il y a eu une donation aussi.<\/p>\n<p>&nbsp;<\/p>\n<p><!--more--><br \/>\n<img loading=\"lazy\" decoding=\"async\" class=\"alignleft size-medium wp-image-28925\" src=\"https:\/\/svil.constantinianorder.com\/wp-content\/uploads\/2018\/08\/Noto-briciole-di-salute-300x242.jpg\" alt=\"Noto briciole di salute\" width=\"300\" height=\"242\" \/>Apr\u00e8s la donation, S.E. Mgr. Staglian\u00f2 a accueilli un petit groupe de chevaliers et les a remerci\u00e9s pour leur aide incessante \u00e0 l&rsquo;\u00e9gard de la\u00a0communaut\u00e9.<\/p>\n","protected":false},"excerpt":{"rendered":"<p>Le 30 juillet, SAR la Princesse B\u00e9atrice de Bourbon des Deux Siciles, Grand Pr\u00e9fet, accompagn\u00e9e du\u00a0Vice D\u00e9l\u00e9gu\u00e9 et de quelques chevaliers, a visit\u00e9 la cantine de S. Corrado, dirig\u00e9e par le P\u00e8re Volantino. La cr\u00e9ation de cette cantine a \u00e9t\u00e9 vivement souhait\u00e9e par l&rsquo;\u00e9v\u00eaque de Noto S.E. Mgr. Antonio Staglian\u00f2. A cette occasion il y [&hellip;]<\/p>\n","protected":false},"author":1,"featured_media":0,"comment_status":"closed","ping_status":"open","sticky":false,"template":"","format":"standard","meta":{"footnotes":""},"categories":[166],"tags":[],"class_list":["post-29107","post","type-post","status-publish","format-standard","hentry","category-delegation-de-la-sicile"],"_links":{"self":[{"href":"https:\/\/svil.constantinianorder.com\/fr\/wp-json\/wp\/v2\/posts\/29107","targetHints":{"allow":["GET"]}}],"collection":[{"href":"https:\/\/svil.constantinianorder.com\/fr\/wp-json\/wp\/v2\/posts"}],"about":[{"href":"https:\/\/svil.constantinianorder.com\/fr\/wp-json\/wp\/v2\/types\/post"}],"author":[{"embeddable":true,"href":"https:\/\/svil.constantinianorder.com\/fr\/wp-json\/wp\/v2\/users\/1"}],"replies":[{"embeddable":true,"href":"https:\/\/svil.constantinianorder.com\/fr\/wp-json\/wp\/v2\/comments?post=29107"}],"version-history":[{"count":1,"href":"https:\/\/svil.constantinianorder.com\/fr\/wp-json\/wp\/v2\/posts\/29107\/revisions"}],"predecessor-version":[{"id":58476,"href":"https:\/\/svil.constantinianorder.com\/fr\/wp-json\/wp\/v2\/posts\/29107\/revisions\/58476"}],"wp:attachment":[{"href":"https:\/\/svil.constantinianorder.com\/fr\/wp-json\/wp\/v2\/media?parent=29107"}],"wp:term":[{"taxonomy":"category","embeddable":true,"href":"https:\/\/svil.constantinianorder.com\/fr\/wp-json\/wp\/v2\/categories?post=29107"},{"taxonomy":"post_tag","embeddable":true,"href":"https:\/\/svil.constantinianorder.com\/fr\/wp-json\/wp\/v2\/tags?post=29107"}],"curies":[{"name":"wp","href":"https:\/\/api.w.org\/{rel}","templated":true}]}}