{"id":29139,"date":"2018-09-04T10:29:27","date_gmt":"2018-09-04T10:29:27","guid":{"rendered":"https:\/\/www.constantinianorder.net\/lombardia-donazione-a-brescia-2\/"},"modified":"2026-01-15T17:38:55","modified_gmt":"2026-01-15T17:38:55","slug":"lombardie-donation-a-brescia","status":"publish","type":"post","link":"https:\/\/svil.constantinianorder.com\/fr\/lombardie-donation-a-brescia\/","title":{"rendered":"LOMBARDIE: DONATION A BRESCIA"},"content":{"rendered":"<p><strong><img loading=\"lazy\" decoding=\"async\" class=\"alignnone size-medium wp-image-29135\" src=\"https:\/\/svil.constantinianorder.com\/wp-content\/uploads\/2018\/09\/brescia-300x190.jpg\" alt=\"brescia\" width=\"300\" height=\"190\" \/><\/strong><\/p>\n<p><strong>3 septembre 2018<\/strong> \u2013 M.\u00a0<span lang=\"fr\">Maurizio Mirandola, secr\u00e9taire de la repr\u00e9sentation de Brescia, a livr\u00e9 des denr\u00e9es alimentaires (plus de 100 kg de p\u00e2tes) qui couvriront les besoins de trente familles n\u00e9cessiteuses et \u00e2g\u00e9es, qui sont r\u00e9guli\u00e8rement aid\u00e9es par la Caritas dioc\u00e9saine.<\/span><\/p>\n","protected":false},"excerpt":{"rendered":"<p>3 septembre 2018 \u2013 M.\u00a0Maurizio Mirandola, secr\u00e9taire de la repr\u00e9sentation de Brescia, a livr\u00e9 des denr\u00e9es alimentaires (plus de 100 kg de p\u00e2tes) qui couvriront les besoins de trente familles n\u00e9cessiteuses et \u00e2g\u00e9es, qui sont r\u00e9guli\u00e8rement aid\u00e9es par la Caritas dioc\u00e9saine.<\/p>\n","protected":false},"author":1,"featured_media":0,"comment_status":"closed","ping_status":"open","sticky":false,"template":"","format":"standard","meta":{"footnotes":""},"categories":[152],"tags":[],"class_list":["post-29139","post","type-post","status-publish","format-standard","hentry","category-delegation-de-lombardie"],"_links":{"self":[{"href":"https:\/\/svil.constantinianorder.com\/fr\/wp-json\/wp\/v2\/posts\/29139","targetHints":{"allow":["GET"]}}],"collection":[{"href":"https:\/\/svil.constantinianorder.com\/fr\/wp-json\/wp\/v2\/posts"}],"about":[{"href":"https:\/\/svil.constantinianorder.com\/fr\/wp-json\/wp\/v2\/types\/post"}],"author":[{"embeddable":true,"href":"https:\/\/svil.constantinianorder.com\/fr\/wp-json\/wp\/v2\/users\/1"}],"replies":[{"embeddable":true,"href":"https:\/\/svil.constantinianorder.com\/fr\/wp-json\/wp\/v2\/comments?post=29139"}],"version-history":[{"count":1,"href":"https:\/\/svil.constantinianorder.com\/fr\/wp-json\/wp\/v2\/posts\/29139\/revisions"}],"predecessor-version":[{"id":58528,"href":"https:\/\/svil.constantinianorder.com\/fr\/wp-json\/wp\/v2\/posts\/29139\/revisions\/58528"}],"wp:attachment":[{"href":"https:\/\/svil.constantinianorder.com\/fr\/wp-json\/wp\/v2\/media?parent=29139"}],"wp:term":[{"taxonomy":"category","embeddable":true,"href":"https:\/\/svil.constantinianorder.com\/fr\/wp-json\/wp\/v2\/categories?post=29139"},{"taxonomy":"post_tag","embeddable":true,"href":"https:\/\/svil.constantinianorder.com\/fr\/wp-json\/wp\/v2\/tags?post=29139"}],"curies":[{"name":"wp","href":"https:\/\/api.w.org\/{rel}","templated":true}]}}