{"id":29188,"date":"2018-08-27T17:06:49","date_gmt":"2018-08-27T17:06:49","guid":{"rendered":"https:\/\/www.constantinianorder.net\/mazara-del-vallo-26-agosto-2018-festa-di-s-vito-2\/"},"modified":"2026-01-15T17:38:56","modified_gmt":"2026-01-15T17:38:56","slug":"mazara-del-vallo-26-aout-2018","status":"publish","type":"post","link":"https:\/\/svil.constantinianorder.com\/fr\/mazara-del-vallo-26-aout-2018\/","title":{"rendered":"MAZARA DEL VALLO 26 AOUT 2018"},"content":{"rendered":"<p><img loading=\"lazy\" decoding=\"async\" class=\"alignleft size-medium wp-image-29183\" src=\"https:\/\/svil.constantinianorder.com\/wp-content\/uploads\/2018\/09\/FDCFC071-BDB9-45A3-BC7F-915B4ABA8F37-300x225.jpeg\" alt=\"FDCFC071-BDB9-45A3-BC7F-915B4ABA8F37\" width=\"300\" height=\"225\" \/>Chaque derni\u00e8re semaine d\u2019ao\u00fbt, depuis la fin de 1700, une f\u00eate pour Saint Vito, co-protecteur de la ville, a lieu \u00e0 Mazara del Vallo. La f\u00eate, compos\u00e9e de plusieurs \u00e9v\u00e9nements, se termine par une procession \u00e9mouvante.<\/p>\n<p>&nbsp;<\/p>\n<p>&nbsp;<\/p>\n<p><!--more--><\/p>\n<p>Cette ann\u00e9e, les Chevaliers Constantiniens ont particip\u00e9 \u00e0 la procession solennelle gr\u00e2ce \u00e0 l\u2019invitation de l&rsquo;\u00e9v\u00eaque de Mazara del Vallo, S.E. Mgr. Mogavero.<\/p>\n<p><img loading=\"lazy\" decoding=\"async\" class=\"alignleft size-medium wp-image-29182\" src=\"https:\/\/svil.constantinianorder.com\/wp-content\/uploads\/2018\/09\/IMG-20180827-WA0023-225x300.jpg\" alt=\"IMG-20180827-WA0023\" width=\"225\" height=\"300\" \/> <img loading=\"lazy\" decoding=\"async\" class=\"alignleft size-medium wp-image-29184\" src=\"https:\/\/svil.constantinianorder.com\/wp-content\/uploads\/2018\/09\/DE188BA2-97A8-4C52-B0A6-3AD1533776C4-300x225.jpeg\" alt=\"DE188BA2-97A8-4C52-B0A6-3AD1533776C4\" width=\"300\" height=\"225\" \/><\/p>\n","protected":false},"excerpt":{"rendered":"<p>Chaque derni\u00e8re semaine d\u2019ao\u00fbt, depuis la fin de 1700, une f\u00eate pour Saint Vito, co-protecteur de la ville, a lieu \u00e0 Mazara del Vallo. La f\u00eate, compos\u00e9e de plusieurs \u00e9v\u00e9nements, se termine par une procession \u00e9mouvante. &nbsp; &nbsp;<\/p>\n","protected":false},"author":1,"featured_media":0,"comment_status":"closed","ping_status":"open","sticky":false,"template":"","format":"standard","meta":{"footnotes":""},"categories":[166],"tags":[],"class_list":["post-29188","post","type-post","status-publish","format-standard","hentry","category-delegation-de-la-sicile"],"_links":{"self":[{"href":"https:\/\/svil.constantinianorder.com\/fr\/wp-json\/wp\/v2\/posts\/29188","targetHints":{"allow":["GET"]}}],"collection":[{"href":"https:\/\/svil.constantinianorder.com\/fr\/wp-json\/wp\/v2\/posts"}],"about":[{"href":"https:\/\/svil.constantinianorder.com\/fr\/wp-json\/wp\/v2\/types\/post"}],"author":[{"embeddable":true,"href":"https:\/\/svil.constantinianorder.com\/fr\/wp-json\/wp\/v2\/users\/1"}],"replies":[{"embeddable":true,"href":"https:\/\/svil.constantinianorder.com\/fr\/wp-json\/wp\/v2\/comments?post=29188"}],"version-history":[{"count":1,"href":"https:\/\/svil.constantinianorder.com\/fr\/wp-json\/wp\/v2\/posts\/29188\/revisions"}],"predecessor-version":[{"id":58532,"href":"https:\/\/svil.constantinianorder.com\/fr\/wp-json\/wp\/v2\/posts\/29188\/revisions\/58532"}],"wp:attachment":[{"href":"https:\/\/svil.constantinianorder.com\/fr\/wp-json\/wp\/v2\/media?parent=29188"}],"wp:term":[{"taxonomy":"category","embeddable":true,"href":"https:\/\/svil.constantinianorder.com\/fr\/wp-json\/wp\/v2\/categories?post=29188"},{"taxonomy":"post_tag","embeddable":true,"href":"https:\/\/svil.constantinianorder.com\/fr\/wp-json\/wp\/v2\/tags?post=29188"}],"curies":[{"name":"wp","href":"https:\/\/api.w.org\/{rel}","templated":true}]}}