{"id":29270,"date":"2018-09-13T11:33:51","date_gmt":"2018-09-13T11:33:51","guid":{"rendered":"https:\/\/www.constantinianorder.net\/lombardia-attivita-varie-della-delegazione-2\/"},"modified":"2026-01-15T17:39:07","modified_gmt":"2026-01-15T17:39:07","slug":"lombardie-des-activites-de-la-delegation","status":"publish","type":"post","link":"https:\/\/svil.constantinianorder.com\/fr\/lombardie-des-activites-de-la-delegation\/","title":{"rendered":"LOMBARDIE: DES ACTIVITES DE LA DELEGATION"},"content":{"rendered":"<p><img loading=\"lazy\" decoding=\"async\" class=\"alignnone size-medium wp-image-29263\" src=\"https:\/\/svil.constantinianorder.com\/wp-content\/uploads\/2018\/09\/TELA-225x300.jpg\" alt=\"TELA\" width=\"225\" height=\"300\" \/><br \/>\nComme promis l\u2019ann\u00e9e derni\u00e8re par le vice\u00a0D\u00e9l\u00e9gu\u00e9, M. Giuseppe Rizzani, \u00e0 l&rsquo;\u00e9v\u00eaque de Piacenza, Mgr. Gianni Ambrosio, la restauration de la toile de Saint-Georges (\u0153uvre anonyme de 1600) a \u00e9t\u00e9 offerte a l&rsquo;\u00e9v\u00eaque. Lors de la c\u00e9r\u00e9monie d&rsquo;inauguration, il y avait des autorit\u00e9s civiles et religieuses, une d\u00e9l\u00e9gation de Chevaliers de l&rsquo;Ordre Constantinien et de nombreux fid\u00e8les.<\/p>\n<p>&nbsp;<\/p>\n<p><img loading=\"lazy\" decoding=\"async\" class=\"alignnone size-medium wp-image-29265\" src=\"https:\/\/svil.constantinianorder.com\/wp-content\/uploads\/2018\/09\/RIZZANI-1-225x300.jpg\" alt=\"RIZZANI\" width=\"225\" height=\"300\" \/><\/p>\n<p>Le Vice D\u00e9l\u00e9gu\u00e9 a rencontr\u00e9 l&rsquo;Hon. Gabriele Albertini \u00e0 Milan \u00e0 la <em>Societ\u00e0 del Giardino<\/em>, en lui remettant la lettre de nomination en tant que repr\u00e9sentant de l&rsquo;Ordre Constantinien pour la\u00a0ville de Milan.<\/p>\n<p>&nbsp;<\/p>\n<p><img loading=\"lazy\" decoding=\"async\" class=\"alignnone size-medium wp-image-29267\" src=\"https:\/\/svil.constantinianorder.com\/wp-content\/uploads\/2018\/09\/VARIE-1-300x225.jpg\" alt=\"VARIE\" width=\"300\" height=\"225\" \/><\/p>\n<p><strong>Concesio (BS) 5 septembre 2018<\/strong> \u2013 M Francesco Spada et M. Daniele Gavezzoli, en pr\u00e9sence de Mgr. Fabio Peli, cur\u00e9 de la paroisse de Concesio, ont livr\u00e9 de nombreux produits alimentaires et quelques v\u00eatements pour quatre-vingt familles qui sont aid\u00e9es par la Caritas locale.<\/p>\n","protected":false},"excerpt":{"rendered":"<p>Comme promis l\u2019ann\u00e9e derni\u00e8re par le vice\u00a0D\u00e9l\u00e9gu\u00e9, M. Giuseppe Rizzani, \u00e0 l&rsquo;\u00e9v\u00eaque de Piacenza, Mgr. Gianni Ambrosio, la restauration de la toile de Saint-Georges (\u0153uvre anonyme de 1600) a \u00e9t\u00e9 offerte a l&rsquo;\u00e9v\u00eaque. Lors de la c\u00e9r\u00e9monie d&rsquo;inauguration, il y avait des autorit\u00e9s civiles et religieuses, une d\u00e9l\u00e9gation de Chevaliers de l&rsquo;Ordre Constantinien et de [&hellip;]<\/p>\n","protected":false},"author":1,"featured_media":0,"comment_status":"closed","ping_status":"open","sticky":false,"template":"","format":"standard","meta":{"footnotes":""},"categories":[152],"tags":[],"class_list":["post-29270","post","type-post","status-publish","format-standard","hentry","category-delegation-de-lombardie"],"_links":{"self":[{"href":"https:\/\/svil.constantinianorder.com\/fr\/wp-json\/wp\/v2\/posts\/29270","targetHints":{"allow":["GET"]}}],"collection":[{"href":"https:\/\/svil.constantinianorder.com\/fr\/wp-json\/wp\/v2\/posts"}],"about":[{"href":"https:\/\/svil.constantinianorder.com\/fr\/wp-json\/wp\/v2\/types\/post"}],"author":[{"embeddable":true,"href":"https:\/\/svil.constantinianorder.com\/fr\/wp-json\/wp\/v2\/users\/1"}],"replies":[{"embeddable":true,"href":"https:\/\/svil.constantinianorder.com\/fr\/wp-json\/wp\/v2\/comments?post=29270"}],"version-history":[{"count":1,"href":"https:\/\/svil.constantinianorder.com\/fr\/wp-json\/wp\/v2\/posts\/29270\/revisions"}],"predecessor-version":[{"id":58556,"href":"https:\/\/svil.constantinianorder.com\/fr\/wp-json\/wp\/v2\/posts\/29270\/revisions\/58556"}],"wp:attachment":[{"href":"https:\/\/svil.constantinianorder.com\/fr\/wp-json\/wp\/v2\/media?parent=29270"}],"wp:term":[{"taxonomy":"category","embeddable":true,"href":"https:\/\/svil.constantinianorder.com\/fr\/wp-json\/wp\/v2\/categories?post=29270"},{"taxonomy":"post_tag","embeddable":true,"href":"https:\/\/svil.constantinianorder.com\/fr\/wp-json\/wp\/v2\/tags?post=29270"}],"curies":[{"name":"wp","href":"https:\/\/api.w.org\/{rel}","templated":true}]}}