{"id":29445,"date":"2018-09-18T16:05:17","date_gmt":"2018-09-18T16:05:17","guid":{"rendered":"https:\/\/www.constantinianorder.net\/sud-est-asiatico-seconda-cerimonia-di-investitura-2\/"},"modified":"2026-01-15T17:39:31","modified_gmt":"2026-01-15T17:39:31","slug":"delegation-dans-le-sud-est-asiatique-deuxieme-ceremonie-dinvestiture","status":"publish","type":"post","link":"https:\/\/svil.constantinianorder.com\/fr\/delegation-dans-le-sud-est-asiatique-deuxieme-ceremonie-dinvestiture\/","title":{"rendered":"DELEGATION DANS LE SUD EST ASIATIQUE: DEUXIEME CEREMONIE D&rsquo;INVESTITURE"},"content":{"rendered":"<p><img loading=\"lazy\" decoding=\"async\" class=\"alignleft size-full wp-image-8419\" src=\"http:\/\/constantinianorder.net\/wp-content\/uploads\/2013\/01\/CO-Cross-150x150-e1427210972471.png\" alt=\"CO Cross 150x150\" width=\"94\" height=\"94\" \/>La deuxi\u00e8me c\u00e9r\u00e9monie d&rsquo;investiture, pr\u00e9sid\u00e9e par le D\u00e9l\u00e9gu\u00e9, a eu lieu le 18 septembre dans une r\u00e9sidence priv\u00e9e \u00e0 Bangkok, pendant laquelle un magnat et\u00a0philanthrope tha\u00eflandais et sa fille cadette ont \u00e9t\u00e9 nomm\u00e9s <em>Motu Proprio<\/em> par le Grand Ma\u00eetre, Chevalier Grande Croix et Dame Commandeur de l&rsquo;Ordre Royal Fran\u00e7ois I et ont \u00e9t\u00e9 acclam\u00e9s par leur famille.<\/p>\n","protected":false},"excerpt":{"rendered":"<p>La deuxi\u00e8me c\u00e9r\u00e9monie d&rsquo;investiture, pr\u00e9sid\u00e9e par le D\u00e9l\u00e9gu\u00e9, a eu lieu le 18 septembre dans une r\u00e9sidence priv\u00e9e \u00e0 Bangkok, pendant laquelle un magnat et\u00a0philanthrope tha\u00eflandais et sa fille cadette ont \u00e9t\u00e9 nomm\u00e9s Motu Proprio par le Grand Ma\u00eetre, Chevalier Grande Croix et Dame Commandeur de l&rsquo;Ordre Royal Fran\u00e7ois I et ont \u00e9t\u00e9 acclam\u00e9s par [&hellip;]<\/p>\n","protected":false},"author":1,"featured_media":0,"comment_status":"closed","ping_status":"open","sticky":false,"template":"","format":"standard","meta":{"footnotes":""},"categories":[298],"tags":[],"class_list":["post-29445","post","type-post","status-publish","format-standard","hentry","category-delegation-de-lasie-du-sud-est"],"_links":{"self":[{"href":"https:\/\/svil.constantinianorder.com\/fr\/wp-json\/wp\/v2\/posts\/29445","targetHints":{"allow":["GET"]}}],"collection":[{"href":"https:\/\/svil.constantinianorder.com\/fr\/wp-json\/wp\/v2\/posts"}],"about":[{"href":"https:\/\/svil.constantinianorder.com\/fr\/wp-json\/wp\/v2\/types\/post"}],"author":[{"embeddable":true,"href":"https:\/\/svil.constantinianorder.com\/fr\/wp-json\/wp\/v2\/users\/1"}],"replies":[{"embeddable":true,"href":"https:\/\/svil.constantinianorder.com\/fr\/wp-json\/wp\/v2\/comments?post=29445"}],"version-history":[{"count":1,"href":"https:\/\/svil.constantinianorder.com\/fr\/wp-json\/wp\/v2\/posts\/29445\/revisions"}],"predecessor-version":[{"id":58607,"href":"https:\/\/svil.constantinianorder.com\/fr\/wp-json\/wp\/v2\/posts\/29445\/revisions\/58607"}],"wp:attachment":[{"href":"https:\/\/svil.constantinianorder.com\/fr\/wp-json\/wp\/v2\/media?parent=29445"}],"wp:term":[{"taxonomy":"category","embeddable":true,"href":"https:\/\/svil.constantinianorder.com\/fr\/wp-json\/wp\/v2\/categories?post=29445"},{"taxonomy":"post_tag","embeddable":true,"href":"https:\/\/svil.constantinianorder.com\/fr\/wp-json\/wp\/v2\/tags?post=29445"}],"curies":[{"name":"wp","href":"https:\/\/api.w.org\/{rel}","templated":true}]}}