{"id":29827,"date":"2018-10-25T17:31:33","date_gmt":"2018-10-25T17:31:33","guid":{"rendered":"https:\/\/www.constantinianorder.net\/piemonte-e-valle-daosta-briciole-di-salute-a-cuneo-2\/"},"modified":"2026-01-15T17:44:45","modified_gmt":"2026-01-15T17:44:45","slug":"piemont-et-vallee-daoste-briciole-di-salute-a-cuneo","status":"publish","type":"post","link":"https:\/\/svil.constantinianorder.com\/fr\/piemont-et-vallee-daoste-briciole-di-salute-a-cuneo\/","title":{"rendered":"PIEMONT ET VALLEE D&rsquo;AOSTE: BRICIOLE DI SALUTE A CUNEO"},"content":{"rendered":"<p><strong><img loading=\"lazy\" decoding=\"async\" class=\"alignnone size-medium wp-image-29824\" src=\"https:\/\/svil.constantinianorder.com\/wp-content\/uploads\/2018\/10\/foto-donazione-rappresentanza-Cuneo-272x300.jpg\" alt=\"foto donazione rappresentanza Cuneo\" width=\"272\" height=\"300\" \/><\/strong><\/p>\n<p><span lang=\"fr\"><strong>Cuneo, 24 octobre 2018<\/strong> &#8211; Une donation de denr\u00e9es alimentaires a \u00e9t\u00e9 organis\u00e9e \u00e0 Cuneo par M. Erik Franza et M. Carlo Fedeli, supporteurs de l&rsquo;Ordre. Apr\u00e8s la donation, les insignes de Constantin, l&rsquo;histoire de l&rsquo;Ordre Sacr\u00e9 et Militaire Constantinien de Saint-Georges et ses valeurs ont \u00e9t\u00e9 expliqu\u00e9es aux personnes pr\u00e9sentes.<\/span><\/p>\n","protected":false},"excerpt":{"rendered":"<p>Cuneo, 24 octobre 2018 &#8211; Une donation de denr\u00e9es alimentaires a \u00e9t\u00e9 organis\u00e9e \u00e0 Cuneo par M. Erik Franza et M. Carlo Fedeli, supporteurs de l&rsquo;Ordre. Apr\u00e8s la donation, les insignes de Constantin, l&rsquo;histoire de l&rsquo;Ordre Sacr\u00e9 et Militaire Constantinien de Saint-Georges et ses valeurs ont \u00e9t\u00e9 expliqu\u00e9es aux personnes pr\u00e9sentes.<\/p>\n","protected":false},"author":1,"featured_media":0,"comment_status":"closed","ping_status":"open","sticky":false,"template":"","format":"standard","meta":{"footnotes":""},"categories":[174],"tags":[],"class_list":["post-29827","post","type-post","status-publish","format-standard","hentry","category-delegation-du-piemont-et-de-la-vallee-daoste"],"_links":{"self":[{"href":"https:\/\/svil.constantinianorder.com\/fr\/wp-json\/wp\/v2\/posts\/29827","targetHints":{"allow":["GET"]}}],"collection":[{"href":"https:\/\/svil.constantinianorder.com\/fr\/wp-json\/wp\/v2\/posts"}],"about":[{"href":"https:\/\/svil.constantinianorder.com\/fr\/wp-json\/wp\/v2\/types\/post"}],"author":[{"embeddable":true,"href":"https:\/\/svil.constantinianorder.com\/fr\/wp-json\/wp\/v2\/users\/1"}],"replies":[{"embeddable":true,"href":"https:\/\/svil.constantinianorder.com\/fr\/wp-json\/wp\/v2\/comments?post=29827"}],"version-history":[{"count":1,"href":"https:\/\/svil.constantinianorder.com\/fr\/wp-json\/wp\/v2\/posts\/29827\/revisions"}],"predecessor-version":[{"id":58686,"href":"https:\/\/svil.constantinianorder.com\/fr\/wp-json\/wp\/v2\/posts\/29827\/revisions\/58686"}],"wp:attachment":[{"href":"https:\/\/svil.constantinianorder.com\/fr\/wp-json\/wp\/v2\/media?parent=29827"}],"wp:term":[{"taxonomy":"category","embeddable":true,"href":"https:\/\/svil.constantinianorder.com\/fr\/wp-json\/wp\/v2\/categories?post=29827"},{"taxonomy":"post_tag","embeddable":true,"href":"https:\/\/svil.constantinianorder.com\/fr\/wp-json\/wp\/v2\/tags?post=29827"}],"curies":[{"name":"wp","href":"https:\/\/api.w.org\/{rel}","templated":true}]}}