{"id":30367,"date":"2018-12-11T17:18:39","date_gmt":"2018-12-11T17:18:39","guid":{"rendered":"https:\/\/www.constantinianorder.net\/lombardia-solenne-pontificale-a-pavia-2\/"},"modified":"2026-01-15T17:46:09","modified_gmt":"2026-01-15T17:46:09","slug":"lombardie-liturgie-solennelle-a-pavie","status":"publish","type":"post","link":"https:\/\/svil.constantinianorder.com\/fr\/lombardie-liturgie-solennelle-a-pavie\/","title":{"rendered":"LOMBARDIE: LITURGIE SOLENNELLE A PAVIE"},"content":{"rendered":"<p><strong><img loading=\"lazy\" decoding=\"async\" class=\"alignnone size-medium wp-image-30364\" src=\"https:\/\/svil.constantinianorder.com\/wp-content\/uploads\/2018\/12\/IMG-20181211-WA0001-300x225.jpg\" alt=\"IMG-20181211-WA0001\" width=\"300\" height=\"225\" \/><\/strong><\/p>\n<p><strong>Pavie, 9 d\u00e9cembre 2018<\/strong> &#8211; Certains Chevaliers\u00a0ont pris part \u00e0 la c\u00e9r\u00e9monie pontificale solennelle c\u00e9l\u00e9br\u00e9e par l&rsquo;\u00e9v\u00eaque S. E. Mgr. Corrado Sanguineti, aupr\u00e8s de la cath\u00e9drale pour la f\u00eate de <em>San Siro<\/em>, patron de la ville.<\/p>\n<p><img loading=\"lazy\" decoding=\"async\" class=\"alignnone size-medium wp-image-30363\" src=\"https:\/\/svil.constantinianorder.com\/wp-content\/uploads\/2018\/12\/IMG-20181211-WA0004-300x252.jpg\" alt=\"IMG-20181211-WA0004\" width=\"300\" height=\"252\" \/><\/p>\n","protected":false},"excerpt":{"rendered":"<p>Pavie, 9 d\u00e9cembre 2018 &#8211; Certains Chevaliers\u00a0ont pris part \u00e0 la c\u00e9r\u00e9monie pontificale solennelle c\u00e9l\u00e9br\u00e9e par l&rsquo;\u00e9v\u00eaque S. E. Mgr. Corrado Sanguineti, aupr\u00e8s de la cath\u00e9drale pour la f\u00eate de San Siro, patron de la ville.<\/p>\n","protected":false},"author":1,"featured_media":0,"comment_status":"closed","ping_status":"open","sticky":false,"template":"","format":"standard","meta":{"footnotes":""},"categories":[152],"tags":[],"class_list":["post-30367","post","type-post","status-publish","format-standard","hentry","category-delegation-de-lombardie"],"_links":{"self":[{"href":"https:\/\/svil.constantinianorder.com\/fr\/wp-json\/wp\/v2\/posts\/30367","targetHints":{"allow":["GET"]}}],"collection":[{"href":"https:\/\/svil.constantinianorder.com\/fr\/wp-json\/wp\/v2\/posts"}],"about":[{"href":"https:\/\/svil.constantinianorder.com\/fr\/wp-json\/wp\/v2\/types\/post"}],"author":[{"embeddable":true,"href":"https:\/\/svil.constantinianorder.com\/fr\/wp-json\/wp\/v2\/users\/1"}],"replies":[{"embeddable":true,"href":"https:\/\/svil.constantinianorder.com\/fr\/wp-json\/wp\/v2\/comments?post=30367"}],"version-history":[{"count":1,"href":"https:\/\/svil.constantinianorder.com\/fr\/wp-json\/wp\/v2\/posts\/30367\/revisions"}],"predecessor-version":[{"id":58849,"href":"https:\/\/svil.constantinianorder.com\/fr\/wp-json\/wp\/v2\/posts\/30367\/revisions\/58849"}],"wp:attachment":[{"href":"https:\/\/svil.constantinianorder.com\/fr\/wp-json\/wp\/v2\/media?parent=30367"}],"wp:term":[{"taxonomy":"category","embeddable":true,"href":"https:\/\/svil.constantinianorder.com\/fr\/wp-json\/wp\/v2\/categories?post=30367"},{"taxonomy":"post_tag","embeddable":true,"href":"https:\/\/svil.constantinianorder.com\/fr\/wp-json\/wp\/v2\/tags?post=30367"}],"curies":[{"name":"wp","href":"https:\/\/api.w.org\/{rel}","templated":true}]}}